{"id":38929,"date":"2018-07-20T08:51:33","date_gmt":"2018-07-20T05:51:33","guid":{"rendered":"http:\/\/realitatearutiera.ro\/?p=38929"},"modified":"2018-07-20T08:51:33","modified_gmt":"2018-07-20T05:51:33","slug":"campanie-de-vaccinare-a-zeci-de-copii-lansata-de-unicef","status":"publish","type":"post","link":"https:\/\/realitatearutiera.ro\/?p=38929","title":{"rendered":"Campanie de vaccinare a zeci de copii lansat\u0103 de UNICEF"},"content":{"rendered":"<p>Zeci de copii cu v\u00e2rste \u00eentre 10 luni \u015fi 18 ani din comunit\u0103\u0163ile defavorizate din zona ora\u015fului Buhu\u015fi au fost vaccina\u0163i. Campania de informare \u015fi\u00a0vaccinare\u00a0a fost lansat\u0103 de UNICEF \u015fi\u00a0Organiza\u0163ia Mondial\u0103 a S\u0103n\u0103t\u0103\u0163ii. Pentru a-i convinge pe p\u0103rin\u0163i s\u0103-\u015fi vaccineze copiii, echipe de\u00a0medici\u00a0\u015fi voluntari vor merge prin jude\u0163ele din \u0163ar\u0103. \u00cen turul de for\u0163\u0103 pro-vaccinare\u00a0a pornit \u00eens\u0103 \u015fi\u00a0ministrul S\u0103n\u0103t\u0103\u0163ii.<\/p>\n<p>\u00cen colonia Bistri\u0163ei de l\u00e2ng\u0103 ora\u015ful Buhu\u015fi, aproape 160 de copii sunt nevaccina\u0163i \u00eempotriva rujeolei. A\u015fa c\u0103\u00a0ministrul S\u0103n\u0103t\u0103\u0163ii\u00a0a pornit \u00een campanie cu reprezentan\u0163ii UNICEF \u015fi ai OMS ca s\u0103-i conving\u0103 pe p\u0103rin\u0163i c\u0103 vaccinarea le poate salva via\u0163a. De altfel, cele mai grave cazuri de rujeol\u0103 pe care le-au tratat\u00a0medicii\u00a0de la\u00a0spitalul\u00a0de boli\u00a0infec\u0163ioase\u00a0din Ia\u015fi au venit chiar din jude\u0163ul Bac\u0103u.<\/p>\n<p>Zeci de p\u0103rin\u0163i au fost adu\u015fi \u00eempreun\u0103 cu copiii la centrul social din Buhu\u015fi, unde\u00a0medicii\u00a0voluntari le-au explicat de ce este necesar\u0103 imunizarea. Cei mai mul\u0163i copii au fost vaccina\u0163i cu ROR \u015fi cu serul \u00eempotriva difteriei, tetanosului \u015fi tusei convulsive.<\/p>\n<p>Sorina Pintea,\u00a0ministrul S\u0103n\u0103t\u0103\u0163ii: Ajutorul pe care \u00eel vom da\u00a0medicilor\u00a0de familie este tocmai acela de a forma echipe \u015fi de a veni cu ei \u00een comunit\u0103\u0163i, pentru c\u0103 v\u0103 imagina\u0163i, un\u00a0medic\u00a0de familie este greu s\u0103 rezolve o astfel de problem\u0103. Un loc unde sunt peste 200 de copii este foarte greu \u015fi trebuie s\u0103-l \u00een\u0163elegem. A\u0163i v\u0103zut, sunt copii de 16 ani care nu au fost vaccina\u0163i niciodat\u0103 p\u00e2n\u0103 acum. Un mediator sanitar va trebui s\u0103 insiste la acea familie.<\/p>\n<p>Pieter Bult, reprezentant UNICEF: Suntem aici s\u0103 lucr\u0103m la campania de\u00a0vaccinare, \u00eencerc\u0103m s\u0103 imuniz\u0103m copiii care nu au fost \u00eenc\u0103 vaccina\u0163i. Este foarte important s\u0103 oprim \u00eenmul\u0163irea cazurilor de rujeol\u0103 cu care ne confrunt\u0103m azi \u00een Rom\u00e2nia.<\/p>\n<p>Ministrul S\u0103n\u0103t\u0103\u0163ii,\u00a0Sorina Pintea, spune c\u0103 astfel de ac\u0163iuni vor avea loc \u0163i \u00een Cara\u015f Severin, Olt \u015fi Vaslui. Peste 14.500 de cazuri de rujeol\u0103 au fost confirmate \u00een Rom\u00e2nia \u00een ultima vreme, iar 59 de oameni au murit. La Bac\u0103u au fost 30 de \u00eemboln\u0103viri \u015fi patru decese.<\/p>\n<p>sursa:\u00a0 antena3.ro<\/p>\n","protected":false},"excerpt":{"rendered":"<p>Zeci de copii cu v\u00e2rste \u00eentre 10 luni \u015fi 18 ani din comunit\u0103\u0163ile defavorizate din zona ora\u015fului Buhu\u015fi au fost<\/p>\n","protected":false},"author":1,"featured_media":32071,"comment_status":"closed","ping_status":"closed","sticky":false,"template":"","format":"standard","meta":{"spay_email":"","footnotes":"","jetpack_publicize_message":""},"categories":[11],"tags":[],"class_list":["post-38929","post","type-post","status-publish","format-standard","has-post-thumbnail","hentry","category-stiri-interne"],"jetpack_featured_media_url":"https:\/\/i0.wp.com\/realitatearutiera.ro\/wp-content\/uploads\/2018\/02\/vaccin-1.jpg?fit=880%2C495&ssl=1","jetpack_publicize_connections":[],"jetpack_sharing_enabled":true,"jetpack_shortlink":"https:\/\/wp.me\/p61naM-a7T","jetpack-related-posts":[],"_links":{"self":[{"href":"https:\/\/realitatearutiera.ro\/index.php?rest_route=\/wp\/v2\/posts\/38929","targetHints":{"allow":["GET"]}}],"collection":[{"href":"https:\/\/realitatearutiera.ro\/index.php?rest_route=\/wp\/v2\/posts"}],"about":[{"href":"https:\/\/realitatearutiera.ro\/index.php?rest_route=\/wp\/v2\/types\/post"}],"author":[{"embeddable":true,"href":"https:\/\/realitatearutiera.ro\/index.php?rest_route=\/wp\/v2\/users\/1"}],"replies":[{"embeddable":true,"href":"https:\/\/realitatearutiera.ro\/index.php?rest_route=%2Fwp%2Fv2%2Fcomments&post=38929"}],"version-history":[{"count":1,"href":"https:\/\/realitatearutiera.ro\/index.php?rest_route=\/wp\/v2\/posts\/38929\/revisions"}],"predecessor-version":[{"id":38930,"href":"https:\/\/realitatearutiera.ro\/index.php?rest_route=\/wp\/v2\/posts\/38929\/revisions\/38930"}],"wp:featuredmedia":[{"embeddable":true,"href":"https:\/\/realitatearutiera.ro\/index.php?rest_route=\/wp\/v2\/media\/32071"}],"wp:attachment":[{"href":"https:\/\/realitatearutiera.ro\/index.php?rest_route=%2Fwp%2Fv2%2Fmedia&parent=38929"}],"wp:term":[{"taxonomy":"category","embeddable":true,"href":"https:\/\/realitatearutiera.ro\/index.php?rest_route=%2Fwp%2Fv2%2Fcategories&post=38929"},{"taxonomy":"post_tag","embeddable":true,"href":"https:\/\/realitatearutiera.ro\/index.php?rest_route=%2Fwp%2Fv2%2Ftags&post=38929"}],"curies":[{"name":"wp","href":"https:\/\/api.w.org\/{rel}","templated":true}]}}