{"id":39056,"date":"2018-07-24T11:46:27","date_gmt":"2018-07-24T08:46:27","guid":{"rendered":"http:\/\/realitatearutiera.ro\/?p=39056"},"modified":"2018-07-24T11:46:27","modified_gmt":"2018-07-24T08:46:27","slug":"viteza-a-mai-facut-o-victima-un-barbat-a-murit-dupa-ce-a-pierdut-controlul-volanului-intre-constanta-si-cernavoda","status":"publish","type":"post","link":"https:\/\/realitatearutiera.ro\/?p=39056","title":{"rendered":"Viteza a mai f\u0103cut o victim\u0103, un b\u0103rbat a murit dup\u0103 ce a pierdut controlul volanului \u00eentre Constan\u021ba \u0219i Cernavod\u0103"},"content":{"rendered":"<p>La data de 24 iulie, \u00een jurul orei 08:19, un b\u0103rbat de 53 de ani a condus autoturismul marca Skoda Fabia, pe DN 22C,\u00a0 \u00een afara localit\u0103\u021bii Mircea Vod\u0103, dinspre Constan\u0163a c\u0103tre Cernavod\u0103. Pe fondul\u00a0 neadapt\u0103rii vitezei la configura\u0163ia drumului, curb\u0103 la st\u00e2nga, a pierdut controlul direc\u0163iei \u0219i a p\u0103truns pe sensul opus, intr\u00e2nd \u00een coliziune cu autoutilitara, marca Fiat Ducato, condus\u0103 regulamentar, de un b\u0103rbat de 46 ani. Dup\u0103 impact, autoturismul Skoda a fost proiectat \u00een afara p\u0103r\u0163ii carosabile.<\/p>\n<p>Potrivit ISU Constan\u021ba, la Mircea Voda a intervenit o autospecial\u0103 cu modul de descarcerare de la Det. Medgidia, la fa\u021ba locului au g\u0103sit un b\u0103rbat \u00eencarcerat. Au extras persoana iar medicii au constatat decesul.<\/p>\n<p>sursa: realitatea.net<\/p>\n","protected":false},"excerpt":{"rendered":"<p>La data de 24 iulie, \u00een jurul orei 08:19, un b\u0103rbat de 53 de ani a condus autoturismul marca Skoda<\/p>\n","protected":false},"author":1,"featured_media":38914,"comment_status":"closed","ping_status":"closed","sticky":false,"template":"","format":"standard","meta":{"spay_email":"","footnotes":"","jetpack_publicize_message":""},"categories":[1],"tags":[],"class_list":["post-39056","post","type-post","status-publish","format-standard","has-post-thumbnail","hentry","category-uncategorized"],"jetpack_featured_media_url":"https:\/\/i2.wp.com\/realitatearutiera.ro\/wp-content\/uploads\/2018\/07\/1-accident-copil-de-11-ani-la-spital-dupa-ce-masina-in-care-se-afla-s-a-izbit-violent-intr-un-gard-1.jpg?fit=667%2C500&ssl=1","jetpack_publicize_connections":[],"jetpack_sharing_enabled":true,"jetpack_shortlink":"https:\/\/wp.me\/p61naM-a9W","jetpack-related-posts":[],"_links":{"self":[{"href":"https:\/\/realitatearutiera.ro\/index.php?rest_route=\/wp\/v2\/posts\/39056","targetHints":{"allow":["GET"]}}],"collection":[{"href":"https:\/\/realitatearutiera.ro\/index.php?rest_route=\/wp\/v2\/posts"}],"about":[{"href":"https:\/\/realitatearutiera.ro\/index.php?rest_route=\/wp\/v2\/types\/post"}],"author":[{"embeddable":true,"href":"https:\/\/realitatearutiera.ro\/index.php?rest_route=\/wp\/v2\/users\/1"}],"replies":[{"embeddable":true,"href":"https:\/\/realitatearutiera.ro\/index.php?rest_route=%2Fwp%2Fv2%2Fcomments&post=39056"}],"version-history":[{"count":1,"href":"https:\/\/realitatearutiera.ro\/index.php?rest_route=\/wp\/v2\/posts\/39056\/revisions"}],"predecessor-version":[{"id":39057,"href":"https:\/\/realitatearutiera.ro\/index.php?rest_route=\/wp\/v2\/posts\/39056\/revisions\/39057"}],"wp:featuredmedia":[{"embeddable":true,"href":"https:\/\/realitatearutiera.ro\/index.php?rest_route=\/wp\/v2\/media\/38914"}],"wp:attachment":[{"href":"https:\/\/realitatearutiera.ro\/index.php?rest_route=%2Fwp%2Fv2%2Fmedia&parent=39056"}],"wp:term":[{"taxonomy":"category","embeddable":true,"href":"https:\/\/realitatearutiera.ro\/index.php?rest_route=%2Fwp%2Fv2%2Fcategories&post=39056"},{"taxonomy":"post_tag","embeddable":true,"href":"https:\/\/realitatearutiera.ro\/index.php?rest_route=%2Fwp%2Fv2%2Ftags&post=39056"}],"curies":[{"name":"wp","href":"https:\/\/api.w.org\/{rel}","templated":true}]}}