{"id":39061,"date":"2018-07-24T14:44:54","date_gmt":"2018-07-24T11:44:54","guid":{"rendered":"http:\/\/realitatearutiera.ro\/?p=39061"},"modified":"2018-07-24T14:44:54","modified_gmt":"2018-07-24T11:44:54","slug":"un-copil-in-varsta-de-9-ani-a-fost-gasit-pe-un-camp-in-coma-alcoolica","status":"publish","type":"post","link":"https:\/\/realitatearutiera.ro\/?p=39061","title":{"rendered":"Un copil \u00een v\u00e2rst\u0103 de 9 ani a fost g\u0103sit pe un c\u00e2mp \u00een com\u0103 alcoolic\u0103"},"content":{"rendered":"<p>Direc\u0163ia General\u0103 de Asisten\u0163\u0103 Social\u0103 \u015fi Protec\u0163ia Copilului Boto\u015fani \u015fi poli\u0163i\u015ftii de la Inspectoratul de Poli\u0163ie Boto\u015fani au declan\u015fat dou\u0103 anchete dup\u0103 ce un copil de nou\u0103 ani din ora\u015ful Fl\u0103m\u00e2nzi a ajuns \u00een com\u0103 alcoolic\u0103 la spital, fiind g\u0103sit incon\u015ftient pe un c\u00e2mp din afara ora\u015fului.<\/p>\n<p>Incidentul a avut loc duminic\u0103 seara, copilul fiind preluat \u015fi internat \u00een sec\u0163ia de Pediatrie a Spitalului Jude\u0163ean Mavromati din Boto\u015fani, \u00een stare grav\u0103.<\/p>\n<p>Medicii au stabilit, \u00een urma examin\u0103rilor toxicologice, c\u0103 minorul consumase alcool. \u00cen acest caz Inspectoratul de Poli\u0163ie Boto\u015fani a \u00eenceput o anchet\u0103 pentru a stabili cum s-a petrecut incidentul.<\/p>\n<p>\u201eCopilul este internat \u00een spital. Facem verific\u0103ri pentru stabilirea \u00eemprejur\u0103rilor \u00een care s-a petrecut incidentul \u015fi a\u015ftept\u0103m rezultatele anchetei declan\u015fate de Direc\u0163ia General\u0103 de Asisten\u0163\u0103 Social\u0103 \u015fi Protec\u0163ia Copilului, care urmeaz\u0103 s\u0103 stabileasc\u0103 \u015fi ce m\u0103suri trebuie luate \u00een acest caz\u201d, a declarat pentru MEDIAFAX purt\u0103torul de cuv\u00e2nt al Inspectoratului de Poli\u0163ie Boto\u015fani, Maria Carp.<\/p>\n<p>La r\u00e2ndul lor, reprezentan\u0163ii Direc\u0163iei Generale de Asisten\u0163\u0103 Social\u0103 \u015fi Protec\u0163ia Copilului Boto\u015fani spun c\u0103 nu au primit \u00eenc\u0103 o informare oficial\u0103 din partea spitalului legat\u0103 de situa\u0163ia copilului, \u00eens\u0103 s-au autosesizat \u015fi mar\u0163i au \u00eenceput verific\u0103rile \u00een teren.<\/p>\n<p>\u201eCu privire la acest caz, noi ne-am autosesizat. Nu am primit deocamdat\u0103 o sesizare de la Spitalul de Copii \u015fi urmeaz\u0103 s\u0103 facem demersurile de identificare a copilului \u015fi a familiei pentru a se efectua mai departe evaluarea \u015fi a se stabili dac\u0103 acest copil se afl\u0103 \u00een situa\u0163ie de risc \u015fi dac\u0103 se impune instituirea unei m\u0103suri de protec\u0163ie\u201d, a declarat Mirela Damian, asistent social \u00een cadrul Direc\u0163iei Generale de Asisten\u0163\u0103 Social\u0103 \u015fi Protec\u0163ia Copilului Boto\u015fani.<\/p>\n<p>sursa: realitatea.net<\/p>\n","protected":false},"excerpt":{"rendered":"<p>Direc\u0163ia General\u0103 de Asisten\u0163\u0103 Social\u0103 \u015fi Protec\u0163ia Copilului Boto\u015fani \u015fi poli\u0163i\u015ftii de la Inspectoratul de Poli\u0163ie Boto\u015fani au declan\u015fat dou\u0103<\/p>\n","protected":false},"author":1,"featured_media":33117,"comment_status":"closed","ping_status":"closed","sticky":false,"template":"","format":"standard","meta":{"spay_email":"","footnotes":"","jetpack_publicize_message":""},"categories":[6],"tags":[],"class_list":["post-39061","post","type-post","status-publish","format-standard","has-post-thumbnail","hentry","category-social"],"jetpack_featured_media_url":"https:\/\/i0.wp.com\/realitatearutiera.ro\/wp-content\/uploads\/2018\/02\/ambulanta_italia_44557400.png?fit=728%2C411&ssl=1","jetpack_publicize_connections":[],"jetpack_sharing_enabled":true,"jetpack_shortlink":"https:\/\/wp.me\/p61naM-aa1","jetpack-related-posts":[],"_links":{"self":[{"href":"https:\/\/realitatearutiera.ro\/index.php?rest_route=\/wp\/v2\/posts\/39061","targetHints":{"allow":["GET"]}}],"collection":[{"href":"https:\/\/realitatearutiera.ro\/index.php?rest_route=\/wp\/v2\/posts"}],"about":[{"href":"https:\/\/realitatearutiera.ro\/index.php?rest_route=\/wp\/v2\/types\/post"}],"author":[{"embeddable":true,"href":"https:\/\/realitatearutiera.ro\/index.php?rest_route=\/wp\/v2\/users\/1"}],"replies":[{"embeddable":true,"href":"https:\/\/realitatearutiera.ro\/index.php?rest_route=%2Fwp%2Fv2%2Fcomments&post=39061"}],"version-history":[{"count":1,"href":"https:\/\/realitatearutiera.ro\/index.php?rest_route=\/wp\/v2\/posts\/39061\/revisions"}],"predecessor-version":[{"id":39062,"href":"https:\/\/realitatearutiera.ro\/index.php?rest_route=\/wp\/v2\/posts\/39061\/revisions\/39062"}],"wp:featuredmedia":[{"embeddable":true,"href":"https:\/\/realitatearutiera.ro\/index.php?rest_route=\/wp\/v2\/media\/33117"}],"wp:attachment":[{"href":"https:\/\/realitatearutiera.ro\/index.php?rest_route=%2Fwp%2Fv2%2Fmedia&parent=39061"}],"wp:term":[{"taxonomy":"category","embeddable":true,"href":"https:\/\/realitatearutiera.ro\/index.php?rest_route=%2Fwp%2Fv2%2Fcategories&post=39061"},{"taxonomy":"post_tag","embeddable":true,"href":"https:\/\/realitatearutiera.ro\/index.php?rest_route=%2Fwp%2Fv2%2Ftags&post=39061"}],"curies":[{"name":"wp","href":"https:\/\/api.w.org\/{rel}","templated":true}]}}