{"id":39063,"date":"2018-07-25T08:53:52","date_gmt":"2018-07-25T05:53:52","guid":{"rendered":"http:\/\/realitatearutiera.ro\/?p=39063"},"modified":"2018-07-25T08:53:52","modified_gmt":"2018-07-25T05:53:52","slug":"noi-taxe-pentru-romani-de-la-1-ianuarie","status":"publish","type":"post","link":"https:\/\/realitatearutiera.ro\/?p=39063","title":{"rendered":"Noi taxe pentru rom\u00e2ni de la 1 ianuarie"},"content":{"rendered":"<p>Autorit\u0103\u021bile locale ne vor taxa diferit, de la anul, pentru gunoiul colectat separat (plastic, metal, h\u00e2rtie, sticl\u0103.), respectiv pentru gunoiul menajer, iar cei care nu vor respecta colectarea separat\u0103 vor fi sanc\u021biona\u021bi, potrivit unui act normativ care a fost recent publicat \u00een Monitorul Oficial.<\/p>\n<p>La Legea nr. 211\/2011 privind regimul de\u015feurilor au fost aduse mai multe modific\u0103ri \u00een ultimii ani, printre care s-a num\u0103rat \u015fi introducerea unui instrument numit &#8220;pl\u0103te\u015fte pentru c\u00e2t arunci&#8221;. De acest instrument ar fi trebuit s\u0103 se foloseasc\u0103 autorit\u0103\u0163ile locale atunci c\u00e2nd colecteaz\u0103 gunoiul de la popula\u0163ie, \u00een ideea unei mai bune colect\u0103ri, dar nu s-a putut aplica pentru c\u0103 erau necesare \u015fi alte modific\u0103ri legislative pentru asta.<\/p>\n<p>Ordonan\u0163a de urgen\u0163\u0103 a Guvernului nr. 74\/2018, publicat\u0103 joi \u00een Monitorul Oficial, Partea I. nr. 630 vine s\u0103 completeze legisla\u0163ia de mai sus.<\/p>\n<p>&#8220;Autorit\u0103\u0163ile administra\u0163iei publice locale (&#8230;) au urm\u0103toarele obliga\u0163ii: (&#8230;) s\u0103 implementeze, \u00eencep\u00e2nd cu data de 1 ianuarie 2019, cu respectarea prevederilor Ordonan\u0163ei Guvernului nr. 21\/1992 privind protec\u0163ia consumatorilor (&#8230;) instrumentul economic \u00abpl\u0103te\u015fte pentru c\u00e2t arunci\u00bb, bazat pe cel pu\u0163in unul dintre urm\u0103toarele elemente: (i) volum; (ii) frecven\u0163\u0103 de colectare; (iii) greutate; (iv) saci de colectare personaliza\u0163i&#8221;, scrie \u00een OUG-ul recent publicat.<\/p>\n<p>Autorit\u0103\u0163ile locale vor fi obligate s\u0103 asigure colectarea separat\u0103 cel pu\u0163in pentru de\u015feurile din h\u00e2rtie, plastic, metal \u015fi sticl\u0103, potrivit ordonan\u0163ei.<\/p>\n<p>Practic, lucrurile vor sta \u00een felul urm\u0103tor: de la 1 ianuarie anul viitor, autorit\u0103\u0163ile locale ne vor stabili dou\u0103 tipuri de tarife la serviciul de salubrizare: unul pentru colectarea separat\u0103 a cel pu\u0163in gunoiului din h\u00e2rtie, metal, plastic \u015fi sticl\u0103, iar, un alt tarif, pentru celelalte tipuri de de\u015feuri (menajere), dar ne vor aplica inclusiv sanc\u0163iuni pentru c\u0103 nu colect\u0103m separat cele dou\u0103 tipuri principale de gunoaie.<\/p>\n<p>C\u00e2nd vor veni s\u0103 ridice gunoiul, serviciile de salubrizare vor asigura colectarea gunoiului, astfel \u00eenc\u00e2t s\u0103 se respecte \u00eemp\u0103r\u0163irea dintre cel uscat \u015fi cel umed (menajer).<\/p>\n<p><b>sursa: capital.ro<\/b><\/p>\n","protected":false},"excerpt":{"rendered":"<p>Autorit\u0103\u021bile locale ne vor taxa diferit, de la anul, pentru gunoiul colectat separat (plastic, metal, h\u00e2rtie, sticl\u0103.), respectiv pentru gunoiul<\/p>\n","protected":false},"author":1,"featured_media":38230,"comment_status":"closed","ping_status":"closed","sticky":false,"template":"","format":"standard","meta":{"spay_email":"","footnotes":"","jetpack_publicize_message":""},"categories":[11],"tags":[],"class_list":["post-39063","post","type-post","status-publish","format-standard","has-post-thumbnail","hentry","category-stiri-interne"],"jetpack_featured_media_url":"https:\/\/i0.wp.com\/realitatearutiera.ro\/wp-content\/uploads\/2018\/07\/bani_57485875665_96184900_95246400.jpg?fit=620%2C352&ssl=1","jetpack_publicize_connections":[],"jetpack_sharing_enabled":true,"jetpack_shortlink":"https:\/\/wp.me\/p61naM-aa3","jetpack-related-posts":[],"_links":{"self":[{"href":"https:\/\/realitatearutiera.ro\/index.php?rest_route=\/wp\/v2\/posts\/39063","targetHints":{"allow":["GET"]}}],"collection":[{"href":"https:\/\/realitatearutiera.ro\/index.php?rest_route=\/wp\/v2\/posts"}],"about":[{"href":"https:\/\/realitatearutiera.ro\/index.php?rest_route=\/wp\/v2\/types\/post"}],"author":[{"embeddable":true,"href":"https:\/\/realitatearutiera.ro\/index.php?rest_route=\/wp\/v2\/users\/1"}],"replies":[{"embeddable":true,"href":"https:\/\/realitatearutiera.ro\/index.php?rest_route=%2Fwp%2Fv2%2Fcomments&post=39063"}],"version-history":[{"count":1,"href":"https:\/\/realitatearutiera.ro\/index.php?rest_route=\/wp\/v2\/posts\/39063\/revisions"}],"predecessor-version":[{"id":39066,"href":"https:\/\/realitatearutiera.ro\/index.php?rest_route=\/wp\/v2\/posts\/39063\/revisions\/39066"}],"wp:featuredmedia":[{"embeddable":true,"href":"https:\/\/realitatearutiera.ro\/index.php?rest_route=\/wp\/v2\/media\/38230"}],"wp:attachment":[{"href":"https:\/\/realitatearutiera.ro\/index.php?rest_route=%2Fwp%2Fv2%2Fmedia&parent=39063"}],"wp:term":[{"taxonomy":"category","embeddable":true,"href":"https:\/\/realitatearutiera.ro\/index.php?rest_route=%2Fwp%2Fv2%2Fcategories&post=39063"},{"taxonomy":"post_tag","embeddable":true,"href":"https:\/\/realitatearutiera.ro\/index.php?rest_route=%2Fwp%2Fv2%2Ftags&post=39063"}],"curies":[{"name":"wp","href":"https:\/\/api.w.org\/{rel}","templated":true}]}}