{"id":39167,"date":"2018-07-26T15:14:27","date_gmt":"2018-07-26T12:14:27","guid":{"rendered":"http:\/\/realitatearutiera.ro\/?p=39167"},"modified":"2018-07-26T15:14:27","modified_gmt":"2018-07-26T12:14:27","slug":"un-minor-a-provocat-un-accident-rutier-iar-unul-dintre-pasageri-a-ajuns-la-spital","status":"publish","type":"post","link":"https:\/\/realitatearutiera.ro\/?p=39167","title":{"rendered":"Un minor a provocat un accident rutier, iar unul dintre pasageri a ajuns la spital"},"content":{"rendered":"<p>Un minor de 15 ani a fost r\u0103nit, joi, \u00eentr-un accident produs de un alt minor, pe un drum comunal din localitatea Te\u0163coiu, a informat Inspectoratul de Poli\u0163ie Jude\u0163ean (IPJ) D\u00e2mbovi\u0163a.<\/p>\n<p>\u00cen prezent, nu se cunoa\u015fte cu exactitate cine conducea ma\u015fina, dar, conform Poli\u0163iei, \u00een autovehiculul care a produs accidentul se aflau patru b\u0103ie\u0163i cu v\u00e2rste \u00eentre 10 \u015fi 15 ani.<\/p>\n<p>&#8221;Pe DC 71, la Te\u0163coiu, un autovehicul a intrat \u00eentr-un st\u00e2lp de curent. \u00cen accident a rezultat o victim\u0103, un b\u0103iat de 15 ani, care a fost transportat la spital. Se fac cercet\u0103ri pentru a se identifica cine a condus ma\u015fina, \u00eentruc\u00e2t \u00een vehicul se aflau patru b\u0103ie\u0163i cu v\u00e2rste cuprinse \u00eentre 10 \u015fi 15 ani&#8221;, a precizat IPJ D\u00e2mbovi\u0163a.<\/p>\n<p>sursa: antena3.ro<\/p>\n","protected":false},"excerpt":{"rendered":"<p>Un minor de 15 ani a fost r\u0103nit, joi, \u00eentr-un accident produs de un alt minor, pe un drum comunal<\/p>\n","protected":false},"author":1,"featured_media":38914,"comment_status":"closed","ping_status":"closed","sticky":false,"template":"","format":"standard","meta":{"spay_email":"","footnotes":"","jetpack_publicize_message":""},"categories":[1],"tags":[],"class_list":["post-39167","post","type-post","status-publish","format-standard","has-post-thumbnail","hentry","category-uncategorized"],"jetpack_featured_media_url":"https:\/\/i2.wp.com\/realitatearutiera.ro\/wp-content\/uploads\/2018\/07\/1-accident-copil-de-11-ani-la-spital-dupa-ce-masina-in-care-se-afla-s-a-izbit-violent-intr-un-gard-1.jpg?fit=667%2C500&ssl=1","jetpack_publicize_connections":[],"jetpack_sharing_enabled":true,"jetpack_shortlink":"https:\/\/wp.me\/p61naM-abJ","jetpack-related-posts":[],"_links":{"self":[{"href":"https:\/\/realitatearutiera.ro\/index.php?rest_route=\/wp\/v2\/posts\/39167","targetHints":{"allow":["GET"]}}],"collection":[{"href":"https:\/\/realitatearutiera.ro\/index.php?rest_route=\/wp\/v2\/posts"}],"about":[{"href":"https:\/\/realitatearutiera.ro\/index.php?rest_route=\/wp\/v2\/types\/post"}],"author":[{"embeddable":true,"href":"https:\/\/realitatearutiera.ro\/index.php?rest_route=\/wp\/v2\/users\/1"}],"replies":[{"embeddable":true,"href":"https:\/\/realitatearutiera.ro\/index.php?rest_route=%2Fwp%2Fv2%2Fcomments&post=39167"}],"version-history":[{"count":1,"href":"https:\/\/realitatearutiera.ro\/index.php?rest_route=\/wp\/v2\/posts\/39167\/revisions"}],"predecessor-version":[{"id":39168,"href":"https:\/\/realitatearutiera.ro\/index.php?rest_route=\/wp\/v2\/posts\/39167\/revisions\/39168"}],"wp:featuredmedia":[{"embeddable":true,"href":"https:\/\/realitatearutiera.ro\/index.php?rest_route=\/wp\/v2\/media\/38914"}],"wp:attachment":[{"href":"https:\/\/realitatearutiera.ro\/index.php?rest_route=%2Fwp%2Fv2%2Fmedia&parent=39167"}],"wp:term":[{"taxonomy":"category","embeddable":true,"href":"https:\/\/realitatearutiera.ro\/index.php?rest_route=%2Fwp%2Fv2%2Fcategories&post=39167"},{"taxonomy":"post_tag","embeddable":true,"href":"https:\/\/realitatearutiera.ro\/index.php?rest_route=%2Fwp%2Fv2%2Ftags&post=39167"}],"curies":[{"name":"wp","href":"https:\/\/api.w.org\/{rel}","templated":true}]}}