{"id":39623,"date":"2018-08-20T12:50:53","date_gmt":"2018-08-20T09:50:53","guid":{"rendered":"http:\/\/realitatearutiera.ro\/?p=39623"},"modified":"2018-08-20T12:50:53","modified_gmt":"2018-08-20T09:50:53","slug":"accident-pe-transalpina-soferul-a-fugit-de-la-locul-faptei","status":"publish","type":"post","link":"https:\/\/realitatearutiera.ro\/?p=39623","title":{"rendered":"Accident pe Transalpina. \u0218oferul a fugit de la locul faptei"},"content":{"rendered":"<p><strong>Dou\u0103 persoane au fost r\u0103nite grav \u00eentr-un accident rutier care a avut loc pe Transalpina, \u00een Masivul Par\u00e2ng.\u00a0Primii care au ajuns la locul accidentului au fost salvamonti\u0219tii din R\u00e2nca<\/strong><\/p>\n<p>\u0218oferul vinovat de producerea accidentului nu a fost g\u0103sit. Din primele informa\u021bii, se pare c\u0103 a fugit de la locul accidentului. Salvamonti\u0219tii au anun\u021bat c\u0103 \u00eel vor c\u0103uta pe acesta \u00een mun\u021bi.<\/p>\n<p>La fa\u021ba locului au intervenit un echipaj de la ambulan\u021b\u0103 \u0219i unul de descarcerare de la Inspectoratul pentru Situa\u021bii de Urgen\u021b\u0103 Gorj.<\/p>\n<p>Sursa:realitateadegorj<\/p>\n","protected":false},"excerpt":{"rendered":"<p>Dou\u0103 persoane au fost r\u0103nite grav \u00eentr-un accident rutier care a avut loc pe Transalpina, \u00een Masivul Par\u00e2ng.\u00a0Primii care au<\/p>\n","protected":false},"author":1,"featured_media":39624,"comment_status":"closed","ping_status":"closed","sticky":false,"template":"","format":"standard","meta":{"spay_email":"","footnotes":"","jetpack_publicize_message":""},"categories":[1],"tags":[],"class_list":["post-39623","post","type-post","status-publish","format-standard","has-post-thumbnail","hentry","category-uncategorized"],"jetpack_featured_media_url":"https:\/\/i0.wp.com\/realitatearutiera.ro\/wp-content\/uploads\/2018\/08\/download-1-1.jpg?fit=312%2C161&ssl=1","jetpack_publicize_connections":[],"jetpack_sharing_enabled":true,"jetpack_shortlink":"https:\/\/wp.me\/p61naM-aj5","jetpack-related-posts":[],"_links":{"self":[{"href":"https:\/\/realitatearutiera.ro\/index.php?rest_route=\/wp\/v2\/posts\/39623","targetHints":{"allow":["GET"]}}],"collection":[{"href":"https:\/\/realitatearutiera.ro\/index.php?rest_route=\/wp\/v2\/posts"}],"about":[{"href":"https:\/\/realitatearutiera.ro\/index.php?rest_route=\/wp\/v2\/types\/post"}],"author":[{"embeddable":true,"href":"https:\/\/realitatearutiera.ro\/index.php?rest_route=\/wp\/v2\/users\/1"}],"replies":[{"embeddable":true,"href":"https:\/\/realitatearutiera.ro\/index.php?rest_route=%2Fwp%2Fv2%2Fcomments&post=39623"}],"version-history":[{"count":1,"href":"https:\/\/realitatearutiera.ro\/index.php?rest_route=\/wp\/v2\/posts\/39623\/revisions"}],"predecessor-version":[{"id":39625,"href":"https:\/\/realitatearutiera.ro\/index.php?rest_route=\/wp\/v2\/posts\/39623\/revisions\/39625"}],"wp:featuredmedia":[{"embeddable":true,"href":"https:\/\/realitatearutiera.ro\/index.php?rest_route=\/wp\/v2\/media\/39624"}],"wp:attachment":[{"href":"https:\/\/realitatearutiera.ro\/index.php?rest_route=%2Fwp%2Fv2%2Fmedia&parent=39623"}],"wp:term":[{"taxonomy":"category","embeddable":true,"href":"https:\/\/realitatearutiera.ro\/index.php?rest_route=%2Fwp%2Fv2%2Fcategories&post=39623"},{"taxonomy":"post_tag","embeddable":true,"href":"https:\/\/realitatearutiera.ro\/index.php?rest_route=%2Fwp%2Fv2%2Ftags&post=39623"}],"curies":[{"name":"wp","href":"https:\/\/api.w.org\/{rel}","templated":true}]}}