{"id":39626,"date":"2018-08-20T13:03:57","date_gmt":"2018-08-20T10:03:57","guid":{"rendered":"http:\/\/realitatearutiera.ro\/?p=39626"},"modified":"2018-08-20T13:03:57","modified_gmt":"2018-08-20T10:03:57","slug":"un-sofer-a-facut-slalom-in-mare-viteza-printre-pietoni-a-lovit-un-barbat-pe-trecere-si-apoi-a-fugit","status":"publish","type":"post","link":"https:\/\/realitatearutiera.ro\/?p=39626","title":{"rendered":"Un \u015fofer a f\u0103cut slalom, \u00een mare vitez\u0103, printre pietoni, a lovit un b\u0103rbat pe trecere \u015fi apoi a fugit"},"content":{"rendered":"<p>Individul a fost identificat \u015fi este anchetat penal, \u00eens\u0103 \u00eempotriva lui nu s-a dispus nicio m\u0103sur\u0103 preventiv\u0103. Incidentul s-a produs s\u00e2mb\u0103t\u0103 sear\u0103, pe trecerea de pietoni din fa\u0163a Spitalului Clinic de Urgen\u0163e din Gala\u0163i. B\u0103rbatul lovit de ma\u015fin\u0103 a sc\u0103pat cu via\u0163\u0103 doar pentru c\u0103 o femeie l-a tras \u00een ultima clip\u0103 din fa\u0163a bolidului, a\u015fa c\u0103 a fost doar lovit la un bra\u0163.\u00a0 \u015eoferul beat care a lovit cinci copii cu un bolid a fost aresta&#8230;<\/p>\n<p>Incidentul petrecut la Gala\u0163i s\u00e2mb\u0103t\u0103 sear\u0103, c\u00e2nd un \u015fofer de 31 de ani, care conducea cu vitez\u0103 o ma\u015fin\u0103 \u201enervoas\u0103\u201d, a f\u0103cut slalom printre pietonii care traversau regulamentar \u015fi l-a acro\u015fat pe unul dintre ei, a ajuns \u015fi \u00een aten\u0163ia Poli\u0163iei.<\/p>\n<p>Din imaginile surprinse de o camer\u0103 de supraveghere din zon\u0103 se poate vedea cum ma\u015fina intr\u0103 cu vitez\u0103, de-a dreptul, \u00een grupul de pietoni care traversau bulevardul Br\u0103ilei regulamentar, pe trecere, \u00een zona Spitalului de Urgen\u0163\u0103. Oamenii fug care \u00eencotro, \u00eens\u0103 un t\u00e2n\u0103r este acro\u015fat de oglinda bolidului, dar are norocul s\u0103 fie tras, \u00een ultima clip\u0103, de o femeie. Martorii au declarat c\u0103 reac\u0163ia femeii a fost salvatoare \u015fi a dus la evitarea unei tragedii.<\/p>\n<p>Dup\u0103 ce a trecut de trecerea de pietoni, \u015foferul a oprit ma\u015fina \u00een mijlocul str\u0103zii, chiar pe linia dubl\u0103 continu\u0103 \u015fi i-a \u00eentrebat pe trec\u0103tori, pe un ton agresiv \u015fi arogant, dac\u0103 sunt probleme. Apoi, de\u015fi, b\u0103rbatul lovit (un t\u00e2n\u0103r de 33 de ani) a spus c\u0103 \u00eel doare foarte r\u0103u bra\u0163ul, \u015foferul s-a urcat la volan \u015fi a demarat \u00een tromb\u0103, f\u0103r\u0103 s\u0103 mai a\u015ftepte sosirea poli\u0163i\u015ftilor.<\/p>\n<p>Luni, Poli\u0163ia Gala\u0163i a anun\u0163at c\u0103 autorul accidentului, al c\u0103rui nume nu a fost f\u0103cut public, este cercetat penal pentru \u201ev\u0103t\u0103mare corporal\u0103 din culp\u0103 \u015fi p\u0103r\u0103sirea locului accidentului f\u0103r\u0103 \u00eencuviin\u0163area organelor de poli\u0163ie sau parchet\u201d.<\/p>\n<p>Am aflat c\u0103 individul are 31 de ani \u015fi c\u0103, \u00een momentul \u00een care a fost prins de Poli\u0163ia Rutier\u0103 (adic\u0103 la circa o jum\u0103tate de or\u0103 de la producerea accidentului), a fost testat pentru alcool, rezultatul fiind negativ. In capturile video de mai sus se vede momentul accidentului<\/p>\n<p>B\u0103rbatul de 33 de ani acro\u015fat de ma\u015fin\u0103 a suferit o luxa\u0163ie a um\u0103rului \u015fi a primit \u00eengrijiri la Spitalul Jude\u0163ean de Urgen\u0163\u0103, dar nu a necesitat internare.<\/p>\n<p>Cazul a st\u00e2rnit numeroase controverse pe internet, cei mai mul\u0163i dintre cei care au asitat la eveniment sau au v\u0103zut imaginile filmate fiind de p\u0103rere c\u0103 \u015foferul agresor ar trebui arestat, pentru c\u0103 gestul lui arat\u0103 dispre\u0163 fa\u0163\u0103 de vie\u0163ile pietonilor. Totu\u015fi, oamenii legii nu au cerut nicio m\u0103sur\u0103 preventiv\u0103 \u00een privin\u0163a acestuia, consider\u00e2nd c\u0103 fapta nu prezint\u0103 pericol social.<\/p>\n<p>Sursa:adevarul<\/p>\n","protected":false},"excerpt":{"rendered":"<p>Individul a fost identificat \u015fi este anchetat penal, \u00eens\u0103 \u00eempotriva lui nu s-a dispus nicio m\u0103sur\u0103 preventiv\u0103. Incidentul s-a produs<\/p>\n","protected":false},"author":1,"featured_media":39627,"comment_status":"closed","ping_status":"closed","sticky":false,"template":"","format":"standard","meta":{"spay_email":"","footnotes":"","jetpack_publicize_message":""},"categories":[1],"tags":[],"class_list":["post-39626","post","type-post","status-publish","format-standard","has-post-thumbnail","hentry","category-uncategorized"],"jetpack_featured_media_url":"https:\/\/i0.wp.com\/realitatearutiera.ro\/wp-content\/uploads\/2018\/08\/646x404-2-2.jpg?fit=646%2C404&ssl=1","jetpack_publicize_connections":[],"jetpack_sharing_enabled":true,"jetpack_shortlink":"https:\/\/wp.me\/p61naM-aj8","jetpack-related-posts":[],"_links":{"self":[{"href":"https:\/\/realitatearutiera.ro\/index.php?rest_route=\/wp\/v2\/posts\/39626","targetHints":{"allow":["GET"]}}],"collection":[{"href":"https:\/\/realitatearutiera.ro\/index.php?rest_route=\/wp\/v2\/posts"}],"about":[{"href":"https:\/\/realitatearutiera.ro\/index.php?rest_route=\/wp\/v2\/types\/post"}],"author":[{"embeddable":true,"href":"https:\/\/realitatearutiera.ro\/index.php?rest_route=\/wp\/v2\/users\/1"}],"replies":[{"embeddable":true,"href":"https:\/\/realitatearutiera.ro\/index.php?rest_route=%2Fwp%2Fv2%2Fcomments&post=39626"}],"version-history":[{"count":1,"href":"https:\/\/realitatearutiera.ro\/index.php?rest_route=\/wp\/v2\/posts\/39626\/revisions"}],"predecessor-version":[{"id":39628,"href":"https:\/\/realitatearutiera.ro\/index.php?rest_route=\/wp\/v2\/posts\/39626\/revisions\/39628"}],"wp:featuredmedia":[{"embeddable":true,"href":"https:\/\/realitatearutiera.ro\/index.php?rest_route=\/wp\/v2\/media\/39627"}],"wp:attachment":[{"href":"https:\/\/realitatearutiera.ro\/index.php?rest_route=%2Fwp%2Fv2%2Fmedia&parent=39626"}],"wp:term":[{"taxonomy":"category","embeddable":true,"href":"https:\/\/realitatearutiera.ro\/index.php?rest_route=%2Fwp%2Fv2%2Fcategories&post=39626"},{"taxonomy":"post_tag","embeddable":true,"href":"https:\/\/realitatearutiera.ro\/index.php?rest_route=%2Fwp%2Fv2%2Ftags&post=39626"}],"curies":[{"name":"wp","href":"https:\/\/api.w.org\/{rel}","templated":true}]}}