{"id":39732,"date":"2018-08-22T11:34:16","date_gmt":"2018-08-22T08:34:16","guid":{"rendered":"http:\/\/realitatearutiera.ro\/?p=39732"},"modified":"2018-08-22T11:34:16","modified_gmt":"2018-08-22T08:34:16","slug":"prognoza-meteo-cand-vine-toamna-ce-temperaturi-se-anunta-unde-se-raceste-si-ce-regiuni-vor-fi-lovite-de-furtuni-violente","status":"publish","type":"post","link":"https:\/\/realitatearutiera.ro\/?p=39732","title":{"rendered":"Prognoza meteo: C\u00e2nd vine toamna. Ce temperaturi se anun\u0163\u0103, unde se r\u0103ce\u015fte \u015fi ce regiuni vor fi lovite de furtuni violente"},"content":{"rendered":"<p>Iat\u0103 prognoza petnru fiecare regiune:<\/p>\n<p><strong>33 de grade \u00een Muntenia \u00a0 <\/strong><\/p>\n<p>Vremea va fi c\u0103lduroas\u0103 p\u00e2n\u0103 \u00een data de 26 august, iar media valorilor termice diurne se va situa \u00eentre 31 \u015fi 33 de grade. \u00cen urm\u0103toarele dou\u0103 zile se va r\u0103ci, astfel c\u0103 \u00een 28 august media temperaturilor maxime pe \u00eentreaga regiune va ajunge la 27 de grade, apoi vor mai fi doar u\u015foare varia\u0163ii \u00een jurul valorii de 28 de grade. Media minimelor termice va fi \u00een jurul valorii de 17 grade \u00een prima s\u0103pt\u0103m\u00e2n\u0103 \u015fi mai sc\u0103zut\u0103, de aproximativ 14&#8230;15 grade, \u00een cea de a doua. Vor fi condi\u0163ii pentru ploi de scurt\u0103 durat\u0103 \u00een fiecare zi, pe arii restr\u00e2nse \u015fi \u00eendeosebi \u00een zonele de deal \u015fi de munte. Excep\u0163ie va face perioada 26&#8230;28 august, c\u00e2nd probabilitatea ca aversele s\u0103 cuprind\u0103 arii mai extinse \u015fi s\u0103 fie mai importante cantitativ va fi ridicat\u0103.<\/p>\n<p><strong>R\u0103cire \u00een Oltenia \u00a0 <\/strong><\/p>\n<p>\u00cen prima s\u0103pt\u0103m\u00e2n\u0103 valorile termice diurne vor caracteriza o vreme c\u0103lduroas\u0103, media lor situ\u00e2ndu-se \u00een jurul valorii de 32 de grade. \u00cen cea de a doua s\u0103pt\u0103m\u00e2n\u0103 se va r\u0103ci, iar temperaturile maxime vor fi, \u00een medie, \u00eentre 26 \u015fi 28 de grade. Minimele diurne vor avea o evolu\u0163ie asem\u0103n\u0103toare, p\u00e2n\u0103 \u00een data de 27 august media lor se va situa \u00een jurul valorii de 17 grade, apoi va fi de doar 13&#8230;14 grade. Gradul de instabilitate va fi mai mare \u00een 26 \u015fi \u00een 27 august. Condi\u0163ii pentru averse vor fi \u015fi \u00een celelalte zile, dar cel mai probabil vor fi pe arii restr\u00e2nse \u015fi \u00een general slabe cantitativ.<\/p>\n<p><strong>Minime de 14 grade \u00een Transilvania<\/strong><\/p>\n<p>\u00cen intervalul 20 &#8211; 25 august vremea va fi mai cald\u0103 dec\u00e2t \u00een mod normal pentru aceast\u0103 perioad\u0103, c\u0103lduroas\u0103 dup\u0103-amiaza \u00een zona de c\u00e2mpie a regiunii, iar media regional\u0103 a maximelor va fi de 30&#8230;31 de grade. Ulterior, p\u00e2n\u0103 \u00een data de 28 august, maximele vor cobor\u00ee p\u00e2n\u0103 spre 24 de grade, apoi p\u00e2n\u0103 la sf\u00e2r\u015fitul celei de-a doua s\u0103pt\u0103m\u00e2ni temperaturile diurne vor cre\u015fte u\u015for \u015fi vor atinge 25&#8230;26 de grade, \u00een medie. Temperaturile minime nu vor varia \u00een prima s\u0103pt\u0103m\u00e2n\u0103 semnificativ, media regional\u0103 fiind de 14&#8230;.15 grade. Ulterior valorile medii ale temperaturilor nocturne vor cobor\u00ee spre 10 grade \u00een data de 28 august, pentru ca apoi, p\u00e2n\u0103 la sf\u00e2r\u015fitul celei de-a doua s\u0103pt\u0103m\u00e2ni, varia\u0163iile s\u0103 nu fie notabile, media regional\u0103 urm\u00e2nd a se situa \u00een jurul valorii de 11 grade. Vor fi averse \u00een fiecare zi, dar mai ales \u00eentre 23 \u015fi 28 august, c\u00e2nd vor fi pe arii extinse \u015fi mai importante cantitativ.<\/p>\n<p><strong>Averse \u00een Maramure\u015f \u00a0<\/strong><\/p>\n<p>Vremea va fi c\u0103lduroas\u0103 \u00een intervalul 20-24 august, c\u00e2nd temperaturile maxime se vor situa, \u00een medie, \u00een jurul valorii de 32 de grade. Din data de 25 august, vremea se va afla \u00eentr-un proces de r\u0103cire care va conduce la sc\u0103derea mediilor temperaturii maxime p\u00e2n\u0103 spre 24 de grade, \u00een zilele de 27 \u015fi 28 august. Ulterior, maximele termice vor cre\u015fte treptat, p\u00e2n\u0103 la o medie de cel mult 28 de grade. Media temperaturilor minime va fi de 15&#8230;16 grade \u00een prima s\u0103pt\u0103m\u00e2n\u0103, apoi va sc\u0103dea spre medii \u00een jurul a 10 grade \u00een 29 august. Dup\u0103 aceast\u0103 dat\u0103 media minimelor nocturne va fi relativ constant\u0103, de 11&#8230;12 grade. Vor fi averse \u00een fiecare zi, dar mai importante cantitativ vor fi, cel mai probabil, cele din zilele de 26 \u015fi de 27 august.<\/p>\n<p><strong>Sc\u0103deri de temepraturi \u00een Moldova \u00a0 <\/strong><\/p>\n<p>\u00cen prima s\u0103pt\u0103m\u00e2n\u0103 de prognoz\u0103 valorile termice diurne nu vor avea varia\u0163ii importante, iar media lor se va situa \u00een jurul valorii de 31 de grade. \u00cen primele dou\u0103 zile ale celei de a doua s\u0103pt\u0103m\u00e2ni vremea se va r\u0103cori, astfel c\u0103 \u00een data de 28 august media maximelor termice va fi de doar 25&#8230;26 de grade. Ulterior, p\u00e2n\u0103 la sf\u00e2r\u015fitul intervalului, temperaturile nu se vor mai modifica semnificativ, iar media lor va atinge cel mult 27 de grade. Evolu\u0163ia minimelor termice va fi asem\u0103n\u0103toare, media lor va fi de 17&#8230;18 grade \u00een prima jum\u0103tate a intervalului, \u00een zilele de 27 \u015fi de 28 august va sc\u0103dea cu aproximativ 3&#8230;4 grade, apoi nu se va mai modifica semnificativ \u015fi va fi de 13&#8230;14 grade. Instabilitatea atmosferic\u0103 va fi \u00een general redus\u0103. Excep\u0163ie vor face zilele de 26 \u015fi de 27 august c\u00e2nd probabilitatea ca aversele s\u0103 fie importante cantitativ \u015fi pe arii extinse va fi mare.<\/p>\n<p><strong>Instabilitate redus\u0103 \u00een Dobrogea<\/strong><\/p>\n<p>P\u00e2n\u0103 \u00een data de 26 august media maximelor termice va avea varia\u0163ii \u00eentre 29 \u015fi 31 de grade, \u00een urm\u0103toarele dou\u0103 zile va sc\u0103dea cu aproximativ 4&#8230;5 grade, apoi va cre\u015fte u\u015for, dar, cel mai probabil, p\u00e2n\u0103 la sf\u00e2r\u015fitul intervalului de prognoz\u0103, nu va mai dep\u0103\u015fi 28 de grade. Media minimelor termice se va situa \u00een jurul valorii de 20 de grade p\u00e2n\u0103 la \u00eenceputul celei de a doua s\u0103pt\u0103m\u00e2ni, \u00een dimine\u0163ile de 28 \u015fi de 29 august va fi mai r\u0103coare, se vor atinge aproximativ 16&#8230;18 grade, apoi nu vor mai fi vazia\u0163ii semnificative. Instabilitatea atmosferic\u0103 va fi redus\u0103, except\u00e2nd \u00eenceputul celei de a doua s\u0103pt\u0103m\u00e2ni c\u00e2nd probabilitatea ca aversele s\u0103 apar\u0103 pe arii mai extinse \u015fi s\u0103 fie importante cantitativ va fi ridicat\u0103.<\/p>\n<p><strong>Alternan\u0163e temice \u00een Banat <\/strong><\/p>\n<p>P\u00e2n\u0103 \u00een data de 24 august vremea va fi c\u0103lduroas\u0103 \u00een orele amiezilor, media temperaturii maxime urm\u00e2nd a se situa \u00een jurul valorii de 33 de grade. \u00cen urm\u0103toarele trei zile valorile diurne vor sc\u0103dea treptat, astfel c\u0103 \u00een ziua de 27 august media pe \u00eentreaga regiune va fi de cel mult 25&#8230;26 de grade. Ulterior vremea va intra \u00eentr-un proces de \u00eenc\u0103lzire u\u015foar\u0103, urm\u00e2nd ca p\u00e2n\u0103 spre sf\u00e2r\u015fitul intervalului media regional\u0103 s\u0103 fie de 28&#8230;29 de grade. \u00cen ceea ce prive\u015fte temperaturile minime, p\u00e2n\u0103 \u00een data de 26 august, varia\u0163iile vor fi nesemnificative, media regional\u0103 situ\u00e2ndu-se \u00een jurul a 18 grade. Ulterior, acestea vor sc\u0103dea p\u00e2n\u0103 spre medii de 12 grade \u00een zilele de 28 \u015fi de 29 august, pentru ca p\u00e2n\u0103 la sf\u00e2r\u015fitul intervalului mediile temperaturiilor minime s\u0103 creasc\u0103 u\u015for \u015fi s\u0103 ajung\u0103 la 14 grade. Probabilitatea de apari\u0163ie a averselor pe arii relativ extinse \u015fi mai \u00eensemnate cantitativ va fi ridicat\u0103 \u00eentre 23 \u015fi 28 august.<\/p>\n<p><strong> Precipita\u0163ii \u00een Cri\u015fana <\/strong><\/p>\n<p>\u00cen prima s\u0103pt\u0103m\u00e2n\u0103 a intervalului de prognoz\u0103 vremea va fi c\u0103lduroas\u0103, media regional\u0103 a maximelor urm\u00e2nd a se situa \u00een jurul valorii de 33 de grade. Ulterior, temperaturile maxime vor sc\u0103dea \u015fi vor ajunge la medii de 24 de grade \u00een 27 august, apoi p\u00e2n\u0103 spre sf\u00e2r\u015fitul celei de a doua s\u0103pt\u0103m\u00e2ni vor cre\u015fte u\u015for \u015fi vor atinge 27&#8230;28 de grade, \u00een medie. P\u00e2n\u0103 \u00een data de 26 august valorile termice nocturne nu vor varia semnificativ, situ\u00e2ndu-se \u00een jurul mediei de 16 grade, apoi vor sc\u0103dea spre medii de 11 grade, pentru ca ulterior, p\u00e2n\u0103 la sf\u00e2r\u015fitul intervalului, s\u0103 se ating\u0103 \u00een medie valori de 12&#8230;.13 grade. Probabilitatea de apari\u0163ie a averselor va fi mai ridicat\u0103 \u00een intervalul 22&#8230;28 august, iar \u00eentre 25 \u015fi 27 august acestea vor fi mai \u00eensemnate cantitativ.<\/p>\n<p><strong> Plou\u0103 \u00een fiecare zi la munte<\/strong><\/p>\n<p>P\u00e2n\u0103 \u00een data de 26 august valorile termice nu vor avea varia\u0163ii semnificative, media maximelor va fi de 19&#8230;20 de grade, iar a minimelor se va situa \u00een jurul valorii de 11 grade. \u00cen urm\u0103toarele zile se va resim\u0163i o r\u0103corire de aproximativ 4&#8230;5 grade, apoi temperaturile maxime, c\u00e2t \u015fi cele minime, nu se vor mai modifica semnificativ. Vor fi intervale cu averse \u00een fiecare zi, dar mai intense \u015fi pe arii mai extinse vor fi cele ce vor c\u0103dea \u00eentre 26 \u015fi 28 august.<\/p>\n<p>sursa: adevarul.ro<\/p>\n","protected":false},"excerpt":{"rendered":"<p>Iat\u0103 prognoza petnru fiecare regiune: 33 de grade \u00een Muntenia \u00a0 Vremea va fi c\u0103lduroas\u0103 p\u00e2n\u0103 \u00een data de 26<\/p>\n","protected":false},"author":1,"featured_media":29782,"comment_status":"closed","ping_status":"closed","sticky":false,"template":"","format":"standard","meta":{"spay_email":"","footnotes":"","jetpack_publicize_message":""},"categories":[6],"tags":[],"class_list":["post-39732","post","type-post","status-publish","format-standard","has-post-thumbnail","hentry","category-social"],"jetpack_featured_media_url":"https:\/\/i1.wp.com\/realitatearutiera.ro\/wp-content\/uploads\/2017\/11\/prognoza-meteo-pentru-urmatoarele-zile-ce-se-intampla-cu-temperaturile-493695.jpg?fit=620%2C362&ssl=1","jetpack_publicize_connections":[],"jetpack_sharing_enabled":true,"jetpack_shortlink":"https:\/\/wp.me\/p61naM-akQ","jetpack-related-posts":[],"_links":{"self":[{"href":"https:\/\/realitatearutiera.ro\/index.php?rest_route=\/wp\/v2\/posts\/39732","targetHints":{"allow":["GET"]}}],"collection":[{"href":"https:\/\/realitatearutiera.ro\/index.php?rest_route=\/wp\/v2\/posts"}],"about":[{"href":"https:\/\/realitatearutiera.ro\/index.php?rest_route=\/wp\/v2\/types\/post"}],"author":[{"embeddable":true,"href":"https:\/\/realitatearutiera.ro\/index.php?rest_route=\/wp\/v2\/users\/1"}],"replies":[{"embeddable":true,"href":"https:\/\/realitatearutiera.ro\/index.php?rest_route=%2Fwp%2Fv2%2Fcomments&post=39732"}],"version-history":[{"count":1,"href":"https:\/\/realitatearutiera.ro\/index.php?rest_route=\/wp\/v2\/posts\/39732\/revisions"}],"predecessor-version":[{"id":39736,"href":"https:\/\/realitatearutiera.ro\/index.php?rest_route=\/wp\/v2\/posts\/39732\/revisions\/39736"}],"wp:featuredmedia":[{"embeddable":true,"href":"https:\/\/realitatearutiera.ro\/index.php?rest_route=\/wp\/v2\/media\/29782"}],"wp:attachment":[{"href":"https:\/\/realitatearutiera.ro\/index.php?rest_route=%2Fwp%2Fv2%2Fmedia&parent=39732"}],"wp:term":[{"taxonomy":"category","embeddable":true,"href":"https:\/\/realitatearutiera.ro\/index.php?rest_route=%2Fwp%2Fv2%2Fcategories&post=39732"},{"taxonomy":"post_tag","embeddable":true,"href":"https:\/\/realitatearutiera.ro\/index.php?rest_route=%2Fwp%2Fv2%2Ftags&post=39732"}],"curies":[{"name":"wp","href":"https:\/\/api.w.org\/{rel}","templated":true}]}}