{"id":39803,"date":"2018-08-23T13:46:21","date_gmt":"2018-08-23T10:46:21","guid":{"rendered":"http:\/\/realitatearutiera.ro\/?p=39803"},"modified":"2018-08-23T10:49:50","modified_gmt":"2018-08-23T07:49:50","slug":"semnificatii-istorice-pentru-ziua-23-august","status":"publish","type":"post","link":"https:\/\/realitatearutiera.ro\/?p=39803","title":{"rendered":"Semnifica\u0163ii istorice pentru ziua 23 august"},"content":{"rendered":"<p class=\"chapeau\">La data de<strong> 23 august 1944<\/strong>, Rom\u00e2nia a \u00eentors armele \u015fi s-a al\u0103turat Na\u0163iunilor Unite \u00een lupta \u00eempotriva puterilor Axei. Armata sovietic\u0103 fiind deja \u00een Moldova de nord \u00eenc\u0103 din luna martie, regele Mihai \u00ee\u015fi d\u0103 acordul pentru \u00eenl\u0103turarea prin for\u0163\u0103 a mare\u015falului Antonescu dac\u0103 acesta va refuza semnarea armisti\u0163iului cu Na\u0163iunile Unite. \u00cen urma refuzului net al lui Antonescu, Regele Mihai l-a destituit \u015fi l-a arestat, iar Rom\u00e2nia a trecut de partea Alia\u0163ilor. Din 1948 \u015fi p\u00e2n\u0103 \u00een 1990 a fost s\u0103rb\u0103torit\u0103 ca Ziua Na\u0163ional\u0103 a Rom\u00e2niei<\/p>\n<p>&nbsp;<\/p>\n<div class=\"ArticleImageContainer\"><a title=\"Galerie foto Semnifica\u0163ii istorice pentru ziua 23 august\" href=\"http:\/\/www.mediafax.ro\/cultura-media\/semnificatii-istorice-pentru-ziua-23-august-15598099\/foto\"><img loading=\"lazy\" decoding=\"async\" id=\"main_picture\" class=\"\" src=\"https:\/\/i1.wp.com\/storage0.dms.mpinteractiv.ro\/media\/1\/1\/1706\/15598099\/4\/regele-mihai-marius-vasilica.jpg?resize=372%2C279\" alt=\"Imaginea articolului Semnifica\u0163ii istorice pentru ziua 23 august\" width=\"372\" height=\"279\" data-recalc-dims=\"1\" \/><\/a><\/div>\n<div id=\"article_text_content\">\n<p><strong>1752<\/strong>\u00a0&#8211; A \u00eencetat din via\u0163\u0103 Grigore al II-lea Ghica, domn al \u0162\u0103rii Moldovei (1726-1748) \u015fi al \u0162\u0103rii Rom\u00e2ne\u015fti (1733-1735 \u015fi 1748-1752), ctitor al m\u0103n\u0103stirilor Frumoasa (Ia\u015fi) \u015fi Pantelimon (Bucure\u015fti).<\/p>\n<hr \/>\n<p><strong>1754<\/strong>\u00a0&#8211; S-a n\u0103scut Ludovic al XVI-lea, rege al Fran\u0163ei \u015fi al Navarei din 1774 \u015fi p\u00e2n\u0103 \u00een 1789. Din 1789 \u015fi p\u00e2n\u0103 \u00een 1793 rege al francezilor (m. 21 ianuarie 1793).<\/p>\n<hr \/>\n<p><strong>1912\u00a0<\/strong>&#8211; S-a n\u0103scut actorul, regizorul \u015fi dansatorul Gene Kelly (Eugene Curran Kelly), cunoscut pentru rolul din filmul \u201cC\u00e2nt\u00e2nd \u00een ploaie\u201d . (2 februarie 1996).<\/p>\n<hr \/>\n<p><strong>1914\u00a0<\/strong>&#8211; Japonia, aliata Angliei, declar\u0103 r\u0103zboi Germaniei. Conflictul european devine mondial.<\/p>\n<hr \/>\n<p><strong>1939\u00a0<\/strong>&#8211; S-a semnat, la Moscova, Tratatul de neagresiune germano-sovietic, Pactul Ribbentrop-Molotov, care, \u00eentr-un protocol adi\u0163ional secret, prevedea \u00eemp\u0103r\u0163irea sferelor de influen\u0163\u0103 \u00een Europa de Est. Ca urmare a Pactului Ribbentrop-Molotov, Rom\u00e2nia a fost obligat\u0103 s\u0103 cedeze, \u00een 1940, Basarabia \u015fi Bucovina de Nord URSS-ului.<\/p>\n<hr \/>\n<p><strong>1944\u00a0<\/strong>&#8211; Rom\u00e2nia a \u00eentors armele \u015fi s-a al\u0103turat Na\u0163iunilor Unite \u00een lupta \u00eempotriva puterilor Axei.<\/p>\n<hr \/>\n<p><strong>1948\u00a0<\/strong>&#8211; A fost creat Consiliul Mondial al Bisericilor, care reune\u015fte bisericile anglican\u0103, ortodox\u0103 \u015fi numeroase biserici protestante.<\/p>\n<hr \/>\n<p><strong>1997\u00a0<\/strong>&#8211; Guvernul a ratificat Acordul\u2013Cadru de cooperare financiar\u0103 \u00eentre Rom\u00e2nia \u015fi Banca European\u0103 de Investi\u0163ii (BEI).<\/p>\n<hr \/>\n<p><strong>2000\u00a0<\/strong>&#8211; Pentru prima oar\u0103 \u00een lume, regizorul german Peter Stein a realizat o versiune integral\u0103 a celor 12.111 versuri din &#8220;Faust&#8221; de Johann Wolfgang von Goethe (1749-1832), \u00eentr-un spectacol de 21 de ore, special creat pentru Expozi\u0163ia universal\u0103 Expo-2000 Hanovra.<\/p>\n<hr \/>\n<p><strong>2000\u00a0<\/strong>&#8211; Ministrul Finan\u0163elor, Decebal Traian Reme\u015f, senatorii Dan Amedeu L\u0103z\u0103rescu Vicen\u0163iu G\u0103v\u0103nescu \u015fi al\u0163i membri marcan\u0163i ai PNL au anun\u0163at c\u0103 demisioneaz\u0103 din partid \u015fi c\u0103 organizeaz\u0103 un grup care va &#8220;reconstitui adev\u0103ratul Partid Na\u0163ional Liberal&#8221;, \u015fi va str\u00eenge semn\u0103turi pentru sus\u0163inerea candidaturii lui Mugur Is\u0103rescu la Pre\u015fedin\u0163ia Rom\u00e2niei.<\/p>\n<hr \/>\n<p><strong>2005\u00a0<\/strong>&#8211; For\u0163ele israeliene au \u00eenceput evacuarea simultan\u0103 a coloniilor Sanur \u015fi Homesh, din nordul Cisiordaniei.<\/p>\n<p><img loading=\"lazy\" decoding=\"async\" class=\"\" src=\"https:\/\/i0.wp.com\/storage0.dms.mpinteractiv.ro\/media\/1\/1\/1706\/15598099\/2\/sanur.jpg?resize=333%2C182\" alt=\"2005    - For\u0163ele israeliene au \u00eenceput evacuarea simultan\u0103 a coloniilor Sanur \u015fi Homesh, din nordul Cisiordaniei.\" width=\"333\" height=\"182\" align=\"bottom\" hspace=\"5\" vspace=\"5\" data-recalc-dims=\"1\" \/><\/p>\n<hr \/>\n<p><strong>2006\u00a0<\/strong>&#8211; Pentagonul a anun\u0163at \u00eenchiderea a patru dintre bazele sale din Germania, m\u0103sur\u0103 care se \u00eenscrie \u00eentr-un plan amplu de redesf\u0103\u015furare a trupelor americane sta\u0163ionate \u00een Europa<\/p>\n<hr \/>\n<p><strong>2007\u00a0<\/strong>&#8211; Reprezentan\u0163ii Ministerului Educa\u0163iei, Cercet\u0103rii \u015fi Tineretului (MECT) \u015fi cei ai profesorilor au c\u0103zut de acord \u00een ceea ce prive\u015fte Legea \u00eenv\u0103\u0163\u0103m\u00e2ntului preuniversitar, cele dou\u0103 p\u0103r\u0163i \u00een\u0163eleg\u00e2ndu-se asupra descentraliz\u0103rii, titulariz\u0103rii \u015fi finan\u0163\u0103rii \u00een educa\u0163ie.<\/p>\n<hr \/>\n<p><strong>2008\u00a0<\/strong>&#8211; Na\u0163ionala de handbal feminin a Norvegiei a c\u00e2\u015ftigat, pentru prima dat\u0103 \u00een istoria sa, finala Jocurilor Olimpice, \u00een fa\u0163a campioanei mondiale Rusia, de care a dispus cu scorul de 34-27 (18-13).<\/p>\n<p><img loading=\"lazy\" decoding=\"async\" class=\"\" src=\"https:\/\/i1.wp.com\/storage0.dms.mpinteractiv.ro\/media\/1\/1\/1706\/15598099\/3\/norvegia.jpg?resize=370%2C203\" alt=\"2008    - Na\u0163ionala de handbal feminin a Norvegiei a c\u00e2\u015ftigat, pentru prima dat\u0103 \u00een istoria sa, finala Jocurilor Olimpice, \u00een fa\u0163a campioanei mondiale Rusia, de care a dispus cu scorul de 34-27 (18-13).\" width=\"370\" height=\"203\" align=\"bottom\" hspace=\"5\" vspace=\"5\" data-recalc-dims=\"1\" \/><\/p>\n<\/div>\n<p>Sursa:mediafax<\/p>\n","protected":false},"excerpt":{"rendered":"<p>La data de 23 august 1944, Rom\u00e2nia a \u00eentors armele \u015fi s-a al\u0103turat Na\u0163iunilor Unite \u00een lupta \u00eempotriva puterilor Axei.<\/p>\n","protected":false},"author":1,"featured_media":39804,"comment_status":"closed","ping_status":"closed","sticky":false,"template":"","format":"standard","meta":{"spay_email":"","footnotes":"","jetpack_publicize_message":""},"categories":[6],"tags":[],"class_list":["post-39803","post","type-post","status-publish","format-standard","has-post-thumbnail","hentry","category-social"],"jetpack_featured_media_url":"https:\/\/i1.wp.com\/realitatearutiera.ro\/wp-content\/uploads\/2018\/08\/32018-l.jpg?fit=750%2C510&ssl=1","jetpack_publicize_connections":[],"jetpack_sharing_enabled":true,"jetpack_shortlink":"https:\/\/wp.me\/p61naM-alZ","jetpack-related-posts":[],"_links":{"self":[{"href":"https:\/\/realitatearutiera.ro\/index.php?rest_route=\/wp\/v2\/posts\/39803","targetHints":{"allow":["GET"]}}],"collection":[{"href":"https:\/\/realitatearutiera.ro\/index.php?rest_route=\/wp\/v2\/posts"}],"about":[{"href":"https:\/\/realitatearutiera.ro\/index.php?rest_route=\/wp\/v2\/types\/post"}],"author":[{"embeddable":true,"href":"https:\/\/realitatearutiera.ro\/index.php?rest_route=\/wp\/v2\/users\/1"}],"replies":[{"embeddable":true,"href":"https:\/\/realitatearutiera.ro\/index.php?rest_route=%2Fwp%2Fv2%2Fcomments&post=39803"}],"version-history":[{"count":1,"href":"https:\/\/realitatearutiera.ro\/index.php?rest_route=\/wp\/v2\/posts\/39803\/revisions"}],"predecessor-version":[{"id":39805,"href":"https:\/\/realitatearutiera.ro\/index.php?rest_route=\/wp\/v2\/posts\/39803\/revisions\/39805"}],"wp:featuredmedia":[{"embeddable":true,"href":"https:\/\/realitatearutiera.ro\/index.php?rest_route=\/wp\/v2\/media\/39804"}],"wp:attachment":[{"href":"https:\/\/realitatearutiera.ro\/index.php?rest_route=%2Fwp%2Fv2%2Fmedia&parent=39803"}],"wp:term":[{"taxonomy":"category","embeddable":true,"href":"https:\/\/realitatearutiera.ro\/index.php?rest_route=%2Fwp%2Fv2%2Fcategories&post=39803"},{"taxonomy":"post_tag","embeddable":true,"href":"https:\/\/realitatearutiera.ro\/index.php?rest_route=%2Fwp%2Fv2%2Ftags&post=39803"}],"curies":[{"name":"wp","href":"https:\/\/api.w.org\/{rel}","templated":true}]}}