{"id":39885,"date":"2018-08-27T08:14:17","date_gmt":"2018-08-27T05:14:17","guid":{"rendered":"http:\/\/realitatearutiera.ro\/?p=39885"},"modified":"2018-08-27T08:14:17","modified_gmt":"2018-08-27T05:14:17","slug":"accidente-grave-pe-patru-drumuri-nationale-in-ultimele-ore","status":"publish","type":"post","link":"https:\/\/realitatearutiera.ro\/?p=39885","title":{"rendered":"Accidente grave pe patru drumuri na\u021bionale, \u00een ultimele ore"},"content":{"rendered":"<p><strong><span lang=\"ro-RO\">Un copil de 10 ani \u015fi un t\u00e2n\u0103r de 17 \u015fi-au pierdut via\u0163a \u00een urma accidentelor produse, \u00een doar c\u00e2teva ore, pe \u015foselele din Rom\u00e2nia. De asemenea, mai multe persoane au fost r\u0103nite \u015fi au avut nevoie de \u00eengrijiri medicale. Patru drumuri na\u0163ionale au fost blocate sau au avut circula\u0163ia \u00eengreunat\u0103.<\/span><\/strong><\/p>\n<p lang=\"ro-RO\">O motociclet\u0103 \u015fi un autoturism s-au ciocnit, asear\u0103, pe Drumul Na\u0163ional 3, \u00een localitatea Valu lui Traian. Presa local\u0103 scrie c\u0103 \u015foferul ma\u015finii ar fi \u00eentors \u00eentr-un loc \u00een care nu avea voie s\u0103 fac\u0103 o astfel de manevr\u0103. Motociclitul a suferit mai multe fracturi \u015fi a fost transportat la spitalul Jude\u0163ean din Constan\u0163a.<\/p>\n<p lang=\"ro-RO\">Un accident grav, \u00een care au fost implicate dou\u0103 autoturisme, s-a produs \u00een jude\u0163ul Ialomi\u0163a. Medicii de la ambulan\u0163\u0103 au g\u0103sit la fa\u0163a locului un b\u0103iat de 10 ani \u00een stop cardio-respirator pe care nu au reu\u015fit s\u0103 \u00eel resusciteze, de\u015fi au f\u0103cut manevre timp de aproape o or\u0103. Al\u0163i doi copii, doi b\u0103rba\u0163i, dar \u015fi o femeie gravid\u0103, au fost transporta\u0163i de urgen\u0163\u0103 la spitalul din Slobozia. Drumul Na\u0163ional 2A a fost blocat, \u00een zona localit\u0103\u0163ii Andr\u0103\u015fe\u015fti, mai multe zeci de minute.<\/p>\n<p lang=\"ro-RO\">Circula\u0163ia rutier\u0103 a fost blocat\u0103 \u015fi pe Drumul Na\u0163ional 19, \u00eentre Oradea \u015fi Carei. Mai multe echipaje de ambulan\u0163\u0103 \u015fi descarcerare au intervenit \u00een urma unui accident \u00een care au fost implicate trei autoturisme. Trei persoane au fost r\u0103nite, iar ma\u015finile au fost distruse aproape \u00een totalitate.<\/p>\n<p><span lang=\"ro-RO\">Un alt accident grav a avut loc \u00een jude\u0163ul Bistri\u0163a-N\u0103s\u0103ud. Un autoturism \u00een care se aflau cinci oameni a intrat \u00eentr-un cap de pod, pe Drumul Na\u0163ional 15 A. Un t\u00e2n\u0103r \u00een v\u00e2rst\u0103 de 17 ani a decedat pe loc. Salvatorii i-au transportat la spital pe ceilal\u0163i ocupan\u0163i ai vehiculului. Conform poli\u0163i\u015ftilor, \u015foferul, care avea permisul suspendat, ar fi intrat cu vitez\u0103 foarte mare \u00eentr-o curb\u0103.<\/span><\/p>\n<p>Sursa:digi24<\/p>\n","protected":false},"excerpt":{"rendered":"<p>Un copil de 10 ani \u015fi un t\u00e2n\u0103r de 17 \u015fi-au pierdut via\u0163a \u00een urma accidentelor produse, \u00een doar c\u00e2teva<\/p>\n","protected":false},"author":1,"featured_media":30190,"comment_status":"closed","ping_status":"closed","sticky":false,"template":"","format":"standard","meta":{"spay_email":"","footnotes":"","jetpack_publicize_message":""},"categories":[1],"tags":[],"class_list":["post-39885","post","type-post","status-publish","format-standard","has-post-thumbnail","hentry","category-uncategorized"],"jetpack_featured_media_url":"https:\/\/i0.wp.com\/realitatearutiera.ro\/wp-content\/uploads\/2017\/12\/accident.jpg?fit=299%2C169&ssl=1","jetpack_publicize_connections":[],"jetpack_sharing_enabled":true,"jetpack_shortlink":"https:\/\/wp.me\/p61naM-anj","jetpack-related-posts":[],"_links":{"self":[{"href":"https:\/\/realitatearutiera.ro\/index.php?rest_route=\/wp\/v2\/posts\/39885","targetHints":{"allow":["GET"]}}],"collection":[{"href":"https:\/\/realitatearutiera.ro\/index.php?rest_route=\/wp\/v2\/posts"}],"about":[{"href":"https:\/\/realitatearutiera.ro\/index.php?rest_route=\/wp\/v2\/types\/post"}],"author":[{"embeddable":true,"href":"https:\/\/realitatearutiera.ro\/index.php?rest_route=\/wp\/v2\/users\/1"}],"replies":[{"embeddable":true,"href":"https:\/\/realitatearutiera.ro\/index.php?rest_route=%2Fwp%2Fv2%2Fcomments&post=39885"}],"version-history":[{"count":1,"href":"https:\/\/realitatearutiera.ro\/index.php?rest_route=\/wp\/v2\/posts\/39885\/revisions"}],"predecessor-version":[{"id":39886,"href":"https:\/\/realitatearutiera.ro\/index.php?rest_route=\/wp\/v2\/posts\/39885\/revisions\/39886"}],"wp:featuredmedia":[{"embeddable":true,"href":"https:\/\/realitatearutiera.ro\/index.php?rest_route=\/wp\/v2\/media\/30190"}],"wp:attachment":[{"href":"https:\/\/realitatearutiera.ro\/index.php?rest_route=%2Fwp%2Fv2%2Fmedia&parent=39885"}],"wp:term":[{"taxonomy":"category","embeddable":true,"href":"https:\/\/realitatearutiera.ro\/index.php?rest_route=%2Fwp%2Fv2%2Fcategories&post=39885"},{"taxonomy":"post_tag","embeddable":true,"href":"https:\/\/realitatearutiera.ro\/index.php?rest_route=%2Fwp%2Fv2%2Ftags&post=39885"}],"curies":[{"name":"wp","href":"https:\/\/api.w.org\/{rel}","templated":true}]}}