{"id":40210,"date":"2018-09-03T09:23:52","date_gmt":"2018-09-03T06:23:52","guid":{"rendered":"http:\/\/realitatearutiera.ro\/?p=40210"},"modified":"2018-09-03T09:23:52","modified_gmt":"2018-09-03T06:23:52","slug":"ce-masini-nu-mai-pot-fi-inmatriculate-incepand-cu-luna-septembrie","status":"publish","type":"post","link":"https:\/\/realitatearutiera.ro\/?p=40210","title":{"rendered":"Ce ma\u0219ini nu mai pot fi \u00eenmatriculate \u00eencep\u00e2nd cu luna septembrie"},"content":{"rendered":"<p><strong>Se anun\u021b\u0103 schimb\u0103ri radicale de la 1 septembrie. Mai multe modific\u0103ri intr\u0103 \u00een vigoare de la aceast\u0103 dat\u0103. Viza\u021bi sunt proprietarii de ma\u0219ini din Rom\u00e2nia. Mai concret, vorbim despre \u0219oferii care de\u021bin vehicule care fac parte din categoriile\u00a0M1, M2 \u015fi N1\u00a0clasa I, omologate NEDC.<\/strong><\/p>\n<p>Potrivit\u00a0prevederilor Regulamentului UE, acestea nu vor mai putea fi \u00eenmatriculate \u00eencep\u00e2nd de ast\u0103zi.<\/p>\n<p>\u201e\u00cen contextul intr\u0103rii \u00een vigoare a prevederilor Regulamentului UE, Nr. 1151\/2017, al Comisiei, privind omologarea vehiculelor, vehiculele noi din categoriile M1, M2 \u015fi N1\u00a0clasa I, omologate NEDC\u00a0(categoria vehiculului se reg\u0103se\u015fte la rubrica \u201e J \u201e din Cartea de identitate a vehiculului emis\u0103 de RAR) trebuie \u00eenmatriculate p\u00e2n\u0103 la data de 31.08.2018. Din aceste considerente, de\u0163in\u0103torii unor astfel de autovehicule trebuie s\u0103 se prezinte, f\u0103r\u0103 programare, la sediul Serviciului Public Comunitar Regim Permise de Conducere \u015fi \u00cenmatriculare a Vehiculelor, din cadrul Institu\u0163iei Prefectului, \u00een a c\u0103ror raz\u0103 de competen\u0163\u0103 \u00ee\u015fi au domiciliul sau sediul (re\u015fedin\u0163a, \u00een cazul persoanelor fizice cu domiciliul \u00een str\u0103in\u0103tate), p\u00e2n\u0103 la data de 30.08.2018, \u00een vederea depunerii documentelor de \u00eenmatriculare\u201d, a precizat Biroul de rela\u021bii publice, de la\u00a0Direc\u0163ia regim permise de conducere \u015fi \u00eenmatriculare a vehiculelor, pentru Libertatea.<\/p>\n<p>M\u0103sura are la baz\u0103 intrarea \u00een vigoare a prevederilor Regulamentului UE nr.1151\/2017 al Comisiei Europene din 1 iunie 2017, privind omologarea vehiculelor, care precizeaz\u0103 c\u0103 \u00eencep\u00e2nd cu data de 1 septembrie \u201d\u00een cazul vehiculele din categoriile M1, M2 \u0219i N1 clasa I, autorit\u0103\u021bile na\u021bionale, din motive legate de emisii sau de consumul de combustibil, \u00een cazul vehiculelor noi care nu sunt \u00een conformitate cu dispozi\u021biile prezentului regulament, trebuie s\u0103 considere certificatele de conformitate ca nemaifiind valabile \u00een sensul articolului 26 din Directiva 2007\/46\/CE \u0219i trebuie s\u0103 interzic\u0103 \u00eenmatricularea, v\u00e2nzarea sau punerea \u00een circula\u021bie a acestor vehicule\u201d.<\/p>\n<p>sursa: bugetul.ro<\/p>\n","protected":false},"excerpt":{"rendered":"<p>Se anun\u021b\u0103 schimb\u0103ri radicale de la 1 septembrie. Mai multe modific\u0103ri intr\u0103 \u00een vigoare de la aceast\u0103 dat\u0103. Viza\u021bi sunt<\/p>\n","protected":false},"author":1,"featured_media":33010,"comment_status":"closed","ping_status":"closed","sticky":false,"template":"","format":"standard","meta":{"spay_email":"","footnotes":"","jetpack_publicize_message":""},"categories":[11],"tags":[],"class_list":["post-40210","post","type-post","status-publish","format-standard","has-post-thumbnail","hentry","category-stiri-interne"],"jetpack_featured_media_url":"https:\/\/i1.wp.com\/realitatearutiera.ro\/wp-content\/uploads\/2018\/02\/masini-second-hand-de-vanzare-0.jpg?fit=745%2C480&ssl=1","jetpack_publicize_connections":[],"jetpack_sharing_enabled":true,"jetpack_shortlink":"https:\/\/wp.me\/p61naM-asy","jetpack-related-posts":[],"_links":{"self":[{"href":"https:\/\/realitatearutiera.ro\/index.php?rest_route=\/wp\/v2\/posts\/40210","targetHints":{"allow":["GET"]}}],"collection":[{"href":"https:\/\/realitatearutiera.ro\/index.php?rest_route=\/wp\/v2\/posts"}],"about":[{"href":"https:\/\/realitatearutiera.ro\/index.php?rest_route=\/wp\/v2\/types\/post"}],"author":[{"embeddable":true,"href":"https:\/\/realitatearutiera.ro\/index.php?rest_route=\/wp\/v2\/users\/1"}],"replies":[{"embeddable":true,"href":"https:\/\/realitatearutiera.ro\/index.php?rest_route=%2Fwp%2Fv2%2Fcomments&post=40210"}],"version-history":[{"count":1,"href":"https:\/\/realitatearutiera.ro\/index.php?rest_route=\/wp\/v2\/posts\/40210\/revisions"}],"predecessor-version":[{"id":40213,"href":"https:\/\/realitatearutiera.ro\/index.php?rest_route=\/wp\/v2\/posts\/40210\/revisions\/40213"}],"wp:featuredmedia":[{"embeddable":true,"href":"https:\/\/realitatearutiera.ro\/index.php?rest_route=\/wp\/v2\/media\/33010"}],"wp:attachment":[{"href":"https:\/\/realitatearutiera.ro\/index.php?rest_route=%2Fwp%2Fv2%2Fmedia&parent=40210"}],"wp:term":[{"taxonomy":"category","embeddable":true,"href":"https:\/\/realitatearutiera.ro\/index.php?rest_route=%2Fwp%2Fv2%2Fcategories&post=40210"},{"taxonomy":"post_tag","embeddable":true,"href":"https:\/\/realitatearutiera.ro\/index.php?rest_route=%2Fwp%2Fv2%2Ftags&post=40210"}],"curies":[{"name":"wp","href":"https:\/\/api.w.org\/{rel}","templated":true}]}}