{"id":40225,"date":"2018-09-03T11:19:59","date_gmt":"2018-09-03T08:19:59","guid":{"rendered":"http:\/\/realitatearutiera.ro\/?p=40225"},"modified":"2018-09-03T11:19:59","modified_gmt":"2018-09-03T08:19:59","slug":"ue-introduce-un-nou-test-de-emisii-pentru-masiniiar-costurile-vor-fi-suportate-de-consumatori","status":"publish","type":"post","link":"https:\/\/realitatearutiera.ro\/?p=40225","title":{"rendered":"UE introduce un nou test de emisii pentru ma\u015fini,iar costurile vor fi suportate de consumatori.\u00a0"},"content":{"rendered":"<p>Odat\u0103 cu introducerea de la 1 sep\u00adtembrie a unui nou test de emisii pentru auto\u00advehicule, consumul oficial de car\u00adbu\u00adrant \u015fi datele privind emisiile vor fi mult mai apropiate de realitate.<\/p>\n<p>Totul vine \u00eens\u0103 cu un pre\u0163 pentru con\u00adsumatori, at\u00e2t din punctul de vedere al costurilor suplimentare, c\u00e2t \u015fi al nu\u00adm\u0103rului mai redus de modele dispo\u00adnibile, scrie Deutsche Welle.<\/p>\n<p>Cei care vor cump\u0103ra o ma\u015fin\u0103 s\u0103p\u00adt\u0103m\u00e2na viitoare sau mai t\u00e2rziu se vor con\u00adfrunta cu costuri cu p\u00e2n\u0103 la 70% mai mari dec\u00e2t cele suportate pentru o ma\u015fin\u0103 identic\u0103 achizi\u0163ionat\u0103 de exem\u00adplu s\u0103pt\u0103m\u00e2na trecut\u0103.<\/p>\n<p>Continuarea articolului pe <a href=\"https:\/\/www.zf.ro\/business-international\/cei-vor-cumpara-masina-saptamana-viitoare-tarziu-vor-confrunta-costuri-pana-70-mari-cele-suportate-masina-identica-achizitionata-exemplu-saptamana-trecuta-17505593\">zf.ro<\/a><\/p>\n","protected":false},"excerpt":{"rendered":"<p>Odat\u0103 cu introducerea de la 1 sep\u00adtembrie a unui nou test de emisii pentru auto\u00advehicule, consumul oficial de car\u00adbu\u00adrant \u015fi<\/p>\n","protected":false},"author":1,"featured_media":40227,"comment_status":"closed","ping_status":"closed","sticky":false,"template":"","format":"standard","meta":{"spay_email":"","footnotes":"","jetpack_publicize_message":""},"categories":[11],"tags":[],"class_list":["post-40225","post","type-post","status-publish","format-standard","has-post-thumbnail","hentry","category-stiri-interne"],"jetpack_featured_media_url":"https:\/\/i0.wp.com\/realitatearutiera.ro\/wp-content\/uploads\/2018\/09\/emisii-poluare-0.jpg?fit=745%2C480&ssl=1","jetpack_publicize_connections":[],"jetpack_sharing_enabled":true,"jetpack_shortlink":"https:\/\/wp.me\/p61naM-asN","jetpack-related-posts":[],"_links":{"self":[{"href":"https:\/\/realitatearutiera.ro\/index.php?rest_route=\/wp\/v2\/posts\/40225","targetHints":{"allow":["GET"]}}],"collection":[{"href":"https:\/\/realitatearutiera.ro\/index.php?rest_route=\/wp\/v2\/posts"}],"about":[{"href":"https:\/\/realitatearutiera.ro\/index.php?rest_route=\/wp\/v2\/types\/post"}],"author":[{"embeddable":true,"href":"https:\/\/realitatearutiera.ro\/index.php?rest_route=\/wp\/v2\/users\/1"}],"replies":[{"embeddable":true,"href":"https:\/\/realitatearutiera.ro\/index.php?rest_route=%2Fwp%2Fv2%2Fcomments&post=40225"}],"version-history":[{"count":1,"href":"https:\/\/realitatearutiera.ro\/index.php?rest_route=\/wp\/v2\/posts\/40225\/revisions"}],"predecessor-version":[{"id":40228,"href":"https:\/\/realitatearutiera.ro\/index.php?rest_route=\/wp\/v2\/posts\/40225\/revisions\/40228"}],"wp:featuredmedia":[{"embeddable":true,"href":"https:\/\/realitatearutiera.ro\/index.php?rest_route=\/wp\/v2\/media\/40227"}],"wp:attachment":[{"href":"https:\/\/realitatearutiera.ro\/index.php?rest_route=%2Fwp%2Fv2%2Fmedia&parent=40225"}],"wp:term":[{"taxonomy":"category","embeddable":true,"href":"https:\/\/realitatearutiera.ro\/index.php?rest_route=%2Fwp%2Fv2%2Fcategories&post=40225"},{"taxonomy":"post_tag","embeddable":true,"href":"https:\/\/realitatearutiera.ro\/index.php?rest_route=%2Fwp%2Fv2%2Ftags&post=40225"}],"curies":[{"name":"wp","href":"https:\/\/api.w.org\/{rel}","templated":true}]}}