{"id":40231,"date":"2018-09-03T11:59:54","date_gmt":"2018-09-03T08:59:54","guid":{"rendered":"http:\/\/realitatearutiera.ro\/?p=40231"},"modified":"2018-09-03T11:59:54","modified_gmt":"2018-09-03T08:59:54","slug":"grav-accident-pe-soseaua-oltenitei","status":"publish","type":"post","link":"https:\/\/realitatearutiera.ro\/?p=40231","title":{"rendered":"Grav accident pe \u015eoseaua Olteni\u0163ei"},"content":{"rendered":"<p>Grav accident pe \u015eoseaua Olteni\u0163ei.\u00a0O femeie de aproximativ 70 ani a fost r\u0103nit\u0103 grav, dup\u0103 ce ar fi traversat strada neregulamentar.<\/p>\n<p>Victima a fost transportata la Spitalul &#8220;Bagdasar-Arseni&#8221;. Poli\u0163i\u015ftii rutieri anun\u0163\u0103 c\u0103 traficul este restric\u0163ionat pe \u015fos. Olteni\u0163ei, benzile 1 \u015fi 2, de la Pia\u0163a Sudului c\u0103tre Bd. Br\u00e2ncoveanu, \u015fi se circul\u0103 pe linia de tramvai. \u00a0 Se efectueaz\u0103 cercet\u0103ri pentru stabilirea cauzelor \u015fi \u00eemprejur\u0103rilor producerii evenimentului rutier.<\/p>\n<p>Victima a fost transportata la Spitalul &#8220;Bagdasar-Arseni&#8221;. Poli\u0163i\u015ftii rutieri anun\u0163\u0103 c\u0103 traficul este restric\u0163ionat pe \u015fos. Olteni\u0163ei, benzile 1 \u015fi 2, de la Pia\u0163a Sudului c\u0103tre Bd. Br\u00e2ncoveanu, \u015fi se circul\u0103 pe linia de tramvai.<\/p>\n<p>Se efectueaz\u0103 cercet\u0103ri pentru stabilirea cauzelor \u015fi \u00eemprejur\u0103rilor producerii evenimentului rutier.<\/p>\n<p>Sursa:adevarul<\/p>\n","protected":false},"excerpt":{"rendered":"<p>Grav accident pe \u015eoseaua Olteni\u0163ei.\u00a0O femeie de aproximativ 70 ani a fost r\u0103nit\u0103 grav, dup\u0103 ce ar fi traversat strada<\/p>\n","protected":false},"author":1,"featured_media":38914,"comment_status":"closed","ping_status":"closed","sticky":false,"template":"","format":"standard","meta":{"spay_email":"","footnotes":"","jetpack_publicize_message":""},"categories":[1],"tags":[],"class_list":["post-40231","post","type-post","status-publish","format-standard","has-post-thumbnail","hentry","category-uncategorized"],"jetpack_featured_media_url":"https:\/\/i2.wp.com\/realitatearutiera.ro\/wp-content\/uploads\/2018\/07\/1-accident-copil-de-11-ani-la-spital-dupa-ce-masina-in-care-se-afla-s-a-izbit-violent-intr-un-gard-1.jpg?fit=667%2C500&ssl=1","jetpack_publicize_connections":[],"jetpack_sharing_enabled":true,"jetpack_shortlink":"https:\/\/wp.me\/p61naM-asT","jetpack-related-posts":[],"_links":{"self":[{"href":"https:\/\/realitatearutiera.ro\/index.php?rest_route=\/wp\/v2\/posts\/40231","targetHints":{"allow":["GET"]}}],"collection":[{"href":"https:\/\/realitatearutiera.ro\/index.php?rest_route=\/wp\/v2\/posts"}],"about":[{"href":"https:\/\/realitatearutiera.ro\/index.php?rest_route=\/wp\/v2\/types\/post"}],"author":[{"embeddable":true,"href":"https:\/\/realitatearutiera.ro\/index.php?rest_route=\/wp\/v2\/users\/1"}],"replies":[{"embeddable":true,"href":"https:\/\/realitatearutiera.ro\/index.php?rest_route=%2Fwp%2Fv2%2Fcomments&post=40231"}],"version-history":[{"count":1,"href":"https:\/\/realitatearutiera.ro\/index.php?rest_route=\/wp\/v2\/posts\/40231\/revisions"}],"predecessor-version":[{"id":40232,"href":"https:\/\/realitatearutiera.ro\/index.php?rest_route=\/wp\/v2\/posts\/40231\/revisions\/40232"}],"wp:featuredmedia":[{"embeddable":true,"href":"https:\/\/realitatearutiera.ro\/index.php?rest_route=\/wp\/v2\/media\/38914"}],"wp:attachment":[{"href":"https:\/\/realitatearutiera.ro\/index.php?rest_route=%2Fwp%2Fv2%2Fmedia&parent=40231"}],"wp:term":[{"taxonomy":"category","embeddable":true,"href":"https:\/\/realitatearutiera.ro\/index.php?rest_route=%2Fwp%2Fv2%2Fcategories&post=40231"},{"taxonomy":"post_tag","embeddable":true,"href":"https:\/\/realitatearutiera.ro\/index.php?rest_route=%2Fwp%2Fv2%2Ftags&post=40231"}],"curies":[{"name":"wp","href":"https:\/\/api.w.org\/{rel}","templated":true}]}}