{"id":40330,"date":"2018-09-05T11:36:36","date_gmt":"2018-09-05T08:36:36","guid":{"rendered":"http:\/\/realitatearutiera.ro\/?p=40330"},"modified":"2018-09-05T09:41:34","modified_gmt":"2018-09-05T06:41:34","slug":"scandal-in-direct-intre-doua-prezentatoare-tv","status":"publish","type":"post","link":"https:\/\/realitatearutiera.ro\/?p=40330","title":{"rendered":"Scandal \u00een direct \u00eentre dou\u0103 prezentatoare tv"},"content":{"rendered":"<p>Dou\u0103 colege de la o televiziune local\u0103 din Statele Unite s-au luat la b\u0103taie. \u00cen urma ciocnirii violente, prezentatoarea de \u015ftiri s-a ales cu o fractur\u0103 cranian\u0103 \u015fi o ureche rupt\u0103, iar prezentatoarea de la meteo a fost tras\u0103 la r\u0103spundere \u015fi risc\u0103 s\u0103 ajung\u0103 la \u00eenchisoare.<br \/>\nErica Bivens, prezentatoare de \u015ftiri a canalului local american WSAZ, \u015fi Chelsea Ambriz, care prezint\u0103 rubrica Meteo la acela\u015fi post, au fost protagonistele unei \u00eenc\u0103ier\u0103ri violente. Totul s-a petrecut \u00eentr-un local din Huntington, Virginia de Vest, unde cele dou\u0103, care aveau deja o rela\u0163ie de munc\u0103 tensionat\u0103, s-au \u00eent\u00e2lnit din \u00eent\u00e2mplare, potrivit The Independent. \u00a0 Potrivit poli\u0163i\u015ftilor, crainica era \u00een compania so\u0163ului ei \u015fi la un moment dat i-a repro\u015fat colegei sale \u00een v\u00e2rst\u0103 de 26 de ani c\u0103 \u00eei face avansuri b\u0103rbatului, clip\u0103 \u00een care Ambriz ar fi atacat-o. \u00cen timpul \u00eenc\u0103ier\u0103rii, cele dou\u0103 femei au c\u0103zut, iar Bivens s-a acccidentat destul de grav \u015fi a fost transportat\u0103 la un spital din apropiere.\u00a0 \u00a0 Diagnosticul a fost fractur\u0103 cranian\u0103 \u015fi o ureche rupt\u0103 care i-a afectat pentru scurt timp auzul, \u00eens\u0103 prezentatoarea le-a transmis telespectatorilor c\u0103 se recupereaz\u0103 la domiciliu \u015fi abia a\u015fteapt\u0103 s\u0103 revin\u0103 la pupitrul \u015ftirilor.\u00a0 \u00a0 Pe de alt\u0103 parte, colega ei a fost arestat\u0103 \u015fi acuzat\u0103 de agresiune, risc\u00e2nd p\u00e2n\u0103 la un an de \u00eenchisoare. Procesul va \u00eencepe pe 21 septembrie. Mai mult, t\u00e2n\u0103ra a fost suspendat\u0103 de postul la care lucra.<\/p>\n<p>sursa: adevarul.ro<\/p>\n<p>sursa foto: mediafax<\/p>\n","protected":false},"excerpt":{"rendered":"<p>Dou\u0103 colege de la o televiziune local\u0103 din Statele Unite s-au luat la b\u0103taie. \u00cen urma ciocnirii violente, prezentatoarea de<\/p>\n","protected":false},"author":1,"featured_media":40334,"comment_status":"closed","ping_status":"closed","sticky":false,"template":"","format":"standard","meta":{"spay_email":"","footnotes":"","jetpack_publicize_message":""},"categories":[12],"tags":[],"class_list":["post-40330","post","type-post","status-publish","format-standard","has-post-thumbnail","hentry","category-stiri-internationale"],"jetpack_featured_media_url":"https:\/\/i0.wp.com\/realitatearutiera.ro\/wp-content\/uploads\/2018\/09\/bataie.jpg?fit=547%2C312&ssl=1","jetpack_publicize_connections":[],"jetpack_sharing_enabled":true,"jetpack_shortlink":"https:\/\/wp.me\/p61naM-auu","jetpack-related-posts":[],"_links":{"self":[{"href":"https:\/\/realitatearutiera.ro\/index.php?rest_route=\/wp\/v2\/posts\/40330","targetHints":{"allow":["GET"]}}],"collection":[{"href":"https:\/\/realitatearutiera.ro\/index.php?rest_route=\/wp\/v2\/posts"}],"about":[{"href":"https:\/\/realitatearutiera.ro\/index.php?rest_route=\/wp\/v2\/types\/post"}],"author":[{"embeddable":true,"href":"https:\/\/realitatearutiera.ro\/index.php?rest_route=\/wp\/v2\/users\/1"}],"replies":[{"embeddable":true,"href":"https:\/\/realitatearutiera.ro\/index.php?rest_route=%2Fwp%2Fv2%2Fcomments&post=40330"}],"version-history":[{"count":1,"href":"https:\/\/realitatearutiera.ro\/index.php?rest_route=\/wp\/v2\/posts\/40330\/revisions"}],"predecessor-version":[{"id":40335,"href":"https:\/\/realitatearutiera.ro\/index.php?rest_route=\/wp\/v2\/posts\/40330\/revisions\/40335"}],"wp:featuredmedia":[{"embeddable":true,"href":"https:\/\/realitatearutiera.ro\/index.php?rest_route=\/wp\/v2\/media\/40334"}],"wp:attachment":[{"href":"https:\/\/realitatearutiera.ro\/index.php?rest_route=%2Fwp%2Fv2%2Fmedia&parent=40330"}],"wp:term":[{"taxonomy":"category","embeddable":true,"href":"https:\/\/realitatearutiera.ro\/index.php?rest_route=%2Fwp%2Fv2%2Fcategories&post=40330"},{"taxonomy":"post_tag","embeddable":true,"href":"https:\/\/realitatearutiera.ro\/index.php?rest_route=%2Fwp%2Fv2%2Ftags&post=40330"}],"curies":[{"name":"wp","href":"https:\/\/api.w.org\/{rel}","templated":true}]}}