{"id":407,"date":"2015-03-17T04:48:14","date_gmt":"2015-03-17T04:48:14","guid":{"rendered":"http:\/\/realitatearutiera.ro\/?p=407"},"modified":"2015-03-17T04:48:14","modified_gmt":"2015-03-17T04:48:14","slug":"socant-a-accidentat-un-biciclist-apoi-a-fugit-de-la-locul-faptei","status":"publish","type":"post","link":"https:\/\/realitatearutiera.ro\/?p=407","title":{"rendered":"SOCANT! A accidentat un biciclist apoi a fugit de la locul faptei !"},"content":{"rendered":"<p>Un b\u0103rbat din comuna Vatra Moldovi\u021bei a fost trimis \u00een judecat\u0103 dup\u0103 ce s-a urcat b\u0103ut la volan, a dat cu ma\u0219ina peste un biciclist \u015fi a fugit de la fa\u0163a locului, au anun\u0163at ieri, printr-un comunicat de pres\u0103, reprezentan\u021bii Parchetului de pe l\u00e2ng\u0103 Judec\u0103toria C\u00e2mpulung Moldovenesc.<\/p>\n<p>Fapta s-a petrecut pe 31 decembrie 2013, se arat\u0103 \u00een comunicat, inculpatul, Georgel Cristian Solcan, fiind dat pe m\u00e2na judec\u0103torilor pentru conducerea unui vehicul sub influen\u0163a alcoolului sau a altor substan\u021be \u015fi p\u0103r\u0103sirea locului accidentului ori modificarea sau \u015ftergerea urmelor\u00a0 acestuia.<\/p>\n<p>Potrivit anchetatorilor, inculpatul a venit \u00een acea zi din Germania, cu un microbuz \u00een care era pasager. Pe drum a consumat alcool \u015fi \u015fi-a sunat fratele s\u0103-i aduc\u0103 ma\u015fina la Vama, pentru a se deplasa cu autoturismul la domiciliu, dup\u0103 ce cobora din microbuz.<\/p>\n<p>C\u00e2nd a ajuns la Vama, inculpatul \u015fi-a luat autoturismul \u015fi, de\u015fi consumase alcool, s-a urcat la volan, plec\u00e2nd spre Vatra Moldovi\u021bei. Pe\u00a0 raza satului Str\u00e2mtura, a dat cu ma\u015fina peste un biciclist care circula \u00een aceea\u015fi direc\u021bie de mers.<\/p>\n<p>\u201eInculpatul a oprit pentru pu\u0163in timp la locul faptei, dar f\u0103r\u0103 s\u0103 coboare de la volanul autoturismului, observ\u00e2nd persoana r\u0103nit\u0103 cum \u00eencerca s\u0103 se ridice, dup\u0103 care \u015fi-a continuat deplasarea spre comuna Vatra Moldovi\u021bei, cu toate c\u0103 \u00een urma accidentului s-au produs avarii la janta ro\u0163ii dreapta fa\u0163\u0103, anvelopa s-a dezumflat, iar inculpatul a circulat efectiv pe jant\u0103\u201d, se arat\u0103 \u00een documentele \u00eenaintate instan\u0163ei de judecat\u0103.<\/p>\n<p>Ma\u015fina implicat\u0103 \u00een accident, un Land Rover, a fost g\u0103sit\u0103 abandonat\u0103 la o distan\u0163\u0103 de 11 kilometri de locul producerii evenimentului rutier, poli\u0163i\u015ftii identific\u00e2ndu-l \u015fi pe \u015fofer la scurt timp, acestuia fiindu-i prelevate probe de s\u00e2nge \u00een vederea stabilirii alcoolemiei (prima prob\u0103 0,95 la mie, a doua prob\u0103 0,85).<\/p>\n<p>Victima a suferit leziuni pentru care a necesitat 25-30 de zile de \u00eengrijiri medicale.<\/p>\n<p>Dosarul a fost \u00eenaintat Judec\u0103toriei C\u00e2mpulung Moldovenesc, p\u00e2n\u0103 la o decizie definitiv\u0103 inculpatul beneficiind de prezum\u021bia de nevinov\u0103\u021bie.<\/p>\n<p>Vom reveni cu informatii !<\/p>\n","protected":false},"excerpt":{"rendered":"<p>Un b\u0103rbat din comuna Vatra Moldovi\u021bei a fost trimis \u00een judecat\u0103 dup\u0103 ce s-a urcat b\u0103ut la volan, a dat<\/p>\n","protected":false},"author":1,"featured_media":408,"comment_status":"open","ping_status":"open","sticky":false,"template":"","format":"standard","meta":{"spay_email":"","footnotes":"","jetpack_publicize_message":""},"categories":[1,11],"tags":[],"class_list":["post-407","post","type-post","status-publish","format-standard","has-post-thumbnail","hentry","category-uncategorized","category-stiri-interne"],"jetpack_featured_media_url":"https:\/\/i0.wp.com\/realitatearutiera.ro\/wp-content\/uploads\/2015\/03\/bicicletabelita.jpg?fit=900%2C600&ssl=1","jetpack_publicize_connections":[],"jetpack_sharing_enabled":true,"jetpack_shortlink":"https:\/\/wp.me\/p61naM-6z","jetpack-related-posts":[],"_links":{"self":[{"href":"https:\/\/realitatearutiera.ro\/index.php?rest_route=\/wp\/v2\/posts\/407","targetHints":{"allow":["GET"]}}],"collection":[{"href":"https:\/\/realitatearutiera.ro\/index.php?rest_route=\/wp\/v2\/posts"}],"about":[{"href":"https:\/\/realitatearutiera.ro\/index.php?rest_route=\/wp\/v2\/types\/post"}],"author":[{"embeddable":true,"href":"https:\/\/realitatearutiera.ro\/index.php?rest_route=\/wp\/v2\/users\/1"}],"replies":[{"embeddable":true,"href":"https:\/\/realitatearutiera.ro\/index.php?rest_route=%2Fwp%2Fv2%2Fcomments&post=407"}],"version-history":[{"count":1,"href":"https:\/\/realitatearutiera.ro\/index.php?rest_route=\/wp\/v2\/posts\/407\/revisions"}],"predecessor-version":[{"id":409,"href":"https:\/\/realitatearutiera.ro\/index.php?rest_route=\/wp\/v2\/posts\/407\/revisions\/409"}],"wp:featuredmedia":[{"embeddable":true,"href":"https:\/\/realitatearutiera.ro\/index.php?rest_route=\/wp\/v2\/media\/408"}],"wp:attachment":[{"href":"https:\/\/realitatearutiera.ro\/index.php?rest_route=%2Fwp%2Fv2%2Fmedia&parent=407"}],"wp:term":[{"taxonomy":"category","embeddable":true,"href":"https:\/\/realitatearutiera.ro\/index.php?rest_route=%2Fwp%2Fv2%2Fcategories&post=407"},{"taxonomy":"post_tag","embeddable":true,"href":"https:\/\/realitatearutiera.ro\/index.php?rest_route=%2Fwp%2Fv2%2Ftags&post=407"}],"curies":[{"name":"wp","href":"https:\/\/api.w.org\/{rel}","templated":true}]}}