{"id":40768,"date":"2018-09-14T15:40:04","date_gmt":"2018-09-14T12:40:04","guid":{"rendered":"http:\/\/realitatearutiera.ro\/?p=40768"},"modified":"2018-09-14T15:23:17","modified_gmt":"2018-09-14T12:23:17","slug":"meteorologii-au-facut-anuntul-iarna-vine-mai-devreme-anul-acesta","status":"publish","type":"post","link":"https:\/\/realitatearutiera.ro\/?p=40768","title":{"rendered":"Meteorologii au f\u0103cut anun\u021bul. Iarna vine mai devreme anul acesta"},"content":{"rendered":"<p>Meteorologii au venit deja cu primele pronosticuri despre iarna 2018-2019. Din p\u0103cate,\u00a0<a href=\"https:\/\/spynews.ro\/actualitate\/stiri-interne\/anunt-de-ultima-ora-facut-de-anm-mai-multe-coduri-galbene-in-urmatoarele-ore-175655.html\" target=\"_blank\" rel=\"noopener\">ve\u0219tile nu sunt bune<\/a>, vorbindu-se despre o iarn\u0103 care va veni fulger\u0103tor \u0219i chiar mai devreme dec\u00e2t ar fi normal. Potrivit primelor estim\u0103ri ale speciali\u0219tilor,<b>\u00a0<a href=\"https:\/\/spynews.ro\/actualitate\/stiri-internationale\/video-iarna-in-plina-vara-a-nins-ca-in-povesti-in-italia-unde-sau-pus-aproape-30-cm-de-zapada-174526.html\" target=\"_blank\" rel=\"noopener\">iarna<\/a><\/b>\u00a0aceasta va fi lung\u0103, put\u00e2nd chiar debuta undeva \u00een luna\u00a0<b>noiembrie.\u00a0<\/b>Prin urmare, de la sf\u00e2r\u0219itul lui Brumar \u0219i p\u00e2n\u0103 la jum\u0103tatea lunii ianuarie, iarna va fi \u00een for\u021b\u0103.\u00a0<b>Meteorologii<\/b>\u00a0se a\u0219teapt\u0103 ca \u00een decembrie, ianuarie \u0219i februarie s\u0103 ning\u0103 frecvent. Dar chiar \u0219i a\u0219a, au \u0219i\u00a0<b>ve\u0219ti<\/b>\u00a0bune, \u00eentruc\u00e2t episoade de viscol sau de ger nu sunt \u00eentrev\u0103zute. Nu se poate spune acela\u0219i lucru despre luna martie, la \u00eenceputul c\u0103reia se a\u0219teapt\u0103\u00a0<b>viscol \u0219i ger\u00a0<\/b>n\u0103prasnic, \u00een cadrul unor fenomene extreme ce vor pune st\u0103p\u00e2nire pe mai multe zone din Europa.<\/p>\n<p>&nbsp;<\/p>\n","protected":false},"excerpt":{"rendered":"<p>Meteorologii au venit deja cu primele pronosticuri despre iarna 2018-2019. Din p\u0103cate,\u00a0ve\u0219tile nu sunt bune, vorbindu-se despre o iarn\u0103 care<\/p>\n","protected":false},"author":1,"featured_media":31067,"comment_status":"closed","ping_status":"closed","sticky":false,"template":"","format":"standard","meta":{"spay_email":"","footnotes":"","jetpack_publicize_message":""},"categories":[6],"tags":[],"class_list":["post-40768","post","type-post","status-publish","format-standard","has-post-thumbnail","hentry","category-social"],"jetpack_featured_media_url":"https:\/\/i0.wp.com\/realitatearutiera.ro\/wp-content\/uploads\/2018\/01\/20iarna_1_reuters.jpg?fit=605%2C388&ssl=1","jetpack_publicize_connections":[],"jetpack_sharing_enabled":true,"jetpack_shortlink":"https:\/\/wp.me\/p61naM-aBy","jetpack-related-posts":[],"_links":{"self":[{"href":"https:\/\/realitatearutiera.ro\/index.php?rest_route=\/wp\/v2\/posts\/40768","targetHints":{"allow":["GET"]}}],"collection":[{"href":"https:\/\/realitatearutiera.ro\/index.php?rest_route=\/wp\/v2\/posts"}],"about":[{"href":"https:\/\/realitatearutiera.ro\/index.php?rest_route=\/wp\/v2\/types\/post"}],"author":[{"embeddable":true,"href":"https:\/\/realitatearutiera.ro\/index.php?rest_route=\/wp\/v2\/users\/1"}],"replies":[{"embeddable":true,"href":"https:\/\/realitatearutiera.ro\/index.php?rest_route=%2Fwp%2Fv2%2Fcomments&post=40768"}],"version-history":[{"count":1,"href":"https:\/\/realitatearutiera.ro\/index.php?rest_route=\/wp\/v2\/posts\/40768\/revisions"}],"predecessor-version":[{"id":40769,"href":"https:\/\/realitatearutiera.ro\/index.php?rest_route=\/wp\/v2\/posts\/40768\/revisions\/40769"}],"wp:featuredmedia":[{"embeddable":true,"href":"https:\/\/realitatearutiera.ro\/index.php?rest_route=\/wp\/v2\/media\/31067"}],"wp:attachment":[{"href":"https:\/\/realitatearutiera.ro\/index.php?rest_route=%2Fwp%2Fv2%2Fmedia&parent=40768"}],"wp:term":[{"taxonomy":"category","embeddable":true,"href":"https:\/\/realitatearutiera.ro\/index.php?rest_route=%2Fwp%2Fv2%2Fcategories&post=40768"},{"taxonomy":"post_tag","embeddable":true,"href":"https:\/\/realitatearutiera.ro\/index.php?rest_route=%2Fwp%2Fv2%2Ftags&post=40768"}],"curies":[{"name":"wp","href":"https:\/\/api.w.org\/{rel}","templated":true}]}}