{"id":40885,"date":"2018-09-19T08:03:25","date_gmt":"2018-09-19T05:03:25","guid":{"rendered":"http:\/\/realitatearutiera.ro\/?p=40885"},"modified":"2018-09-19T08:03:25","modified_gmt":"2018-09-19T05:03:25","slug":"care-este-situatia-in-trafic-la-ora-0700","status":"publish","type":"post","link":"https:\/\/realitatearutiera.ro\/?p=40885","title":{"rendered":"Care este situa\u0163ia \u00een trafic la ora 07:00"},"content":{"rendered":"<p><strong>Centrul INFOTRAFIC din Inspectoratul General al Poli\u0163iei Rom\u00e2ne<\/strong>\u00a0informeaz\u0103 c\u0103 la aceast\u0103 or\u0103 nu sunt semnalate drumuri na\u0163ionale sau autostr\u0103zi cu circula\u0163ia \u00eentrerupt\u0103 din cauza vreunui eveniment rutier.<\/p>\n<p>\u00cencep\u00e2nd de ast\u0103zi p\u00e2n\u0103 pe data de 04.11.2018, pe Autostrada A2, pe sensul Bucure\u015fti \u2013 Constan\u0163a, circula\u0163ia este \u00eenchis\u0103 \u00eentre kilometrii 68+700 metri \u2013 75+900 metri (\u00eentre Lehliu \u2013 Gar\u0103 \u015fi Drajna, jude\u0163ul C\u0103l\u0103ra\u015fi), pentru efectuarea lucr\u0103rilor de repara\u0163ii la sistemul rutier. Traficul se va desf\u0103\u015fura pe calea 2, Constan\u0163a &#8211; Bucure\u015fti, \u00een ambele sensuri, pe c\u00e2te o band\u0103 de circula\u0163ie.<\/p>\n<p>\u00cen jude\u0163ul Vaslui, pe DN 28 Albi\u0163a \u2013 R\u0103duc\u0103neni, pe tronsonul kilometric 132+400 metri \u2013 138+350 metri, se vor executa lucr\u0103ri la partea carosabil\u0103, p\u00e2n\u0103 pe data de 7 octombrie 2018, circula\u0163ia rutier\u0103 \u00een anumite puncte desf\u0103\u015fur\u00e2ndu-se pe un fir, alternativ.<\/p>\n<p>Conduc\u0103torii auto sunt sf\u0103tui\u0163i c\u0103 sporeasc\u0103 aten\u0163ia la volan, s\u0103 reduc\u0103 viteza \u00een zona efectu\u0103rii lucr\u0103rilor \u015fi s\u0103 semnalizeze din timp inten\u0163ia de schimbare a benzii de circula\u0163ie.<\/p>\n<p>Sunt \u00een continuare cu circula\u0163ia \u00eentrerupt\u0103, din cauza afect\u0103rii suprafe\u0163ei carosabile \u00een urma inunda\u0163iilor din aceast\u0103 var\u0103, urm\u0103toarele\u00a0<strong>drumuri na\u0163ionale<\/strong>:<\/p>\n<p>&#8211; DN 73D, \u00eentre localit\u0103\u0163ile Boteni \u015fi Susl\u0103ne\u015fti, jude\u0163ul Arge\u015f;<\/p>\n<p>&#8211; DN 11B, \u00een zona localit\u0103\u0163ii C\u0103tru\u015fa, jude\u0163ul Covasna;<\/p>\n<p>&#8211; DN 2H, \u00een localitatea Mili\u015f\u0103u\u0163i, pe podul de peste r\u00e2ul Suceava, jude\u0163ul Suceava;<\/p>\n<p>&#8211; DN 2L, \u00een localitatea Soveja, jude\u0163ul Vrancea.<\/p>\n<p>Circula\u0163ia<strong>\u00a0feroviar\u0103<\/strong>\u00a0pe sec\u0163ia de cale ferat\u0103 403 Bra\u015fov &#8211; \u00centorsura Buz\u0103ului este oprit\u0103 pe raza localit\u0103\u0163ii Budila, din jude\u0163ul Bra\u015fov, dup\u0103 ce podul feroviar din localitate a fost afectat de viituri.<\/p>\n<p>Sursa:politiaromana<\/p>\n","protected":false},"excerpt":{"rendered":"<p>Centrul INFOTRAFIC din Inspectoratul General al Poli\u0163iei Rom\u00e2ne\u00a0informeaz\u0103 c\u0103 la aceast\u0103 or\u0103 nu sunt semnalate drumuri na\u0163ionale sau autostr\u0103zi cu<\/p>\n","protected":false},"author":1,"featured_media":40886,"comment_status":"closed","ping_status":"closed","sticky":false,"template":"","format":"standard","meta":{"spay_email":"","footnotes":"","jetpack_publicize_message":""},"categories":[54],"tags":[],"class_list":["post-40885","post","type-post","status-publish","format-standard","has-post-thumbnail","hentry","category-informatii-rutiere"],"jetpack_featured_media_url":"https:\/\/i0.wp.com\/realitatearutiera.ro\/wp-content\/uploads\/2018\/09\/oriunde-ai-merge-trebuie-sa-urmezi-o-cale-cele-mai-frumoase-fotografii-cu-drumuri-132788.jpg?fit=552%2C332&ssl=1","jetpack_publicize_connections":[],"jetpack_sharing_enabled":true,"jetpack_shortlink":"https:\/\/wp.me\/p61naM-aDr","jetpack-related-posts":[],"_links":{"self":[{"href":"https:\/\/realitatearutiera.ro\/index.php?rest_route=\/wp\/v2\/posts\/40885","targetHints":{"allow":["GET"]}}],"collection":[{"href":"https:\/\/realitatearutiera.ro\/index.php?rest_route=\/wp\/v2\/posts"}],"about":[{"href":"https:\/\/realitatearutiera.ro\/index.php?rest_route=\/wp\/v2\/types\/post"}],"author":[{"embeddable":true,"href":"https:\/\/realitatearutiera.ro\/index.php?rest_route=\/wp\/v2\/users\/1"}],"replies":[{"embeddable":true,"href":"https:\/\/realitatearutiera.ro\/index.php?rest_route=%2Fwp%2Fv2%2Fcomments&post=40885"}],"version-history":[{"count":1,"href":"https:\/\/realitatearutiera.ro\/index.php?rest_route=\/wp\/v2\/posts\/40885\/revisions"}],"predecessor-version":[{"id":40887,"href":"https:\/\/realitatearutiera.ro\/index.php?rest_route=\/wp\/v2\/posts\/40885\/revisions\/40887"}],"wp:featuredmedia":[{"embeddable":true,"href":"https:\/\/realitatearutiera.ro\/index.php?rest_route=\/wp\/v2\/media\/40886"}],"wp:attachment":[{"href":"https:\/\/realitatearutiera.ro\/index.php?rest_route=%2Fwp%2Fv2%2Fmedia&parent=40885"}],"wp:term":[{"taxonomy":"category","embeddable":true,"href":"https:\/\/realitatearutiera.ro\/index.php?rest_route=%2Fwp%2Fv2%2Fcategories&post=40885"},{"taxonomy":"post_tag","embeddable":true,"href":"https:\/\/realitatearutiera.ro\/index.php?rest_route=%2Fwp%2Fv2%2Ftags&post=40885"}],"curies":[{"name":"wp","href":"https:\/\/api.w.org\/{rel}","templated":true}]}}