{"id":40898,"date":"2018-09-19T08:49:31","date_gmt":"2018-09-19T05:49:31","guid":{"rendered":"http:\/\/realitatearutiera.ro\/?p=40898"},"modified":"2018-09-19T08:51:17","modified_gmt":"2018-09-19T05:51:17","slug":"tragedie-in-madrid-o-persoana-a-murit-si-alte-11-sunt-ranite-dupa-ce-schelele-de-la-hotelul-ritz-s-au-prabusit","status":"publish","type":"post","link":"https:\/\/realitatearutiera.ro\/?p=40898","title":{"rendered":"Momente TRAGICE \u00een Madrid. Schelele unui hotel de lux s-au pr\u0103bu\u0219it, o persoan\u0103 \u0219i-a pierdut via\u021ba"},"content":{"rendered":"<p>Un persoan\u0103 a murit \u015fi alte 11 au fost r\u0103nite, dup\u0103 ce schelele de pe Hotelul Ritz din Madrid s-au pr\u0103bu\u015fit.<\/p>\n<div id=\"ivm-inread-video-container\">\n<div id=\"ivm-inread-video\">\n<div id=\"ivmQDEnGlzAxVgfoN4\" class=\"video-js vjs-default-skin vjs-big-play-centered ivmQDEnGlzAxVgfoN4-dimensions vjs-controls-enabled vjs-workinghover vjs-has-started vjs-ad-playing vjs-paused vjs-user-inactive\" role=\"region\" aria-label=\"video player\">\n<div id=\"ivmQDEnGlzAxVgfoN4_ima-ad-container\" class=\"ivmQDEnGlzAxVgfoN4_ima-ad-container ima-ad-container\">\n<div id=\"ivmQDEnGlzAxVgfoN4_ima-controls-div\" class=\"ivmQDEnGlzAxVgfoN4_ima-controls-div ima-controls-div\">\n<div id=\"ivmQDEnGlzAxVgfoN4_ima-seek-bar-div\" class=\"ivmQDEnGlzAxVgfoN4_ima-seek-bar-div ima-seek-bar-div\">\n<div id=\"ivmQDEnGlzAxVgfoN4_ima-progress-div\" class=\"ivmQDEnGlzAxVgfoN4_ima-progress-div ima-progress-div\">Serviciile madrilene de urgen\u0163\u0103 au declarat c\u0103 o parte a etajului \u015fase s-a pr\u0103bu\u015fit. Cl\u0103direa se afla \u00een renovare.<\/div>\n<\/div>\n<\/div>\n<\/div>\n<\/div>\n<\/div>\n<\/div>\n<p>Doi dintre r\u0103ni\u0163i au fost transporta\u0163i la spital cu r\u0103ni grave, \u00een timp ce restul au suferit r\u0103ni minore. Toate victimele lucrau la renovare. Cel pu\u0163in trei dintre ele au trebuit scoase de sub d\u0103r\u00e2m\u0103tur, scrie\u00a0<a href=\"http:\/\/bbc.%20com\/\" target=\"_blank\" rel=\"noopener\">BBC. \u00a0\u00a0<\/a><\/p>\n<p>Hotelul Ritz s-a \u00eenchis pentru renov\u0103ri \u00een luna februarie.<\/p>\n<p>sursa: antena3.ro<\/p>\n","protected":false},"excerpt":{"rendered":"<p>Un persoan\u0103 a murit \u015fi alte 11 au fost r\u0103nite, dup\u0103 ce schelele de pe Hotelul Ritz din Madrid s-au<\/p>\n","protected":false},"author":1,"featured_media":40899,"comment_status":"closed","ping_status":"closed","sticky":false,"template":"","format":"standard","meta":{"spay_email":"","footnotes":"","jetpack_publicize_message":""},"categories":[12],"tags":[],"class_list":["post-40898","post","type-post","status-publish","format-standard","has-post-thumbnail","hentry","category-stiri-internationale"],"jetpack_featured_media_url":"https:\/\/i2.wp.com\/realitatearutiera.ro\/wp-content\/uploads\/2018\/09\/20180918-636728871709142996_20180918170912186-khaG-U451885078240K8-992x558@LaVanguardia-Web.jpg?fit=992%2C558&ssl=1","jetpack_publicize_connections":[],"jetpack_sharing_enabled":true,"jetpack_shortlink":"https:\/\/wp.me\/p61naM-aDE","jetpack-related-posts":[],"_links":{"self":[{"href":"https:\/\/realitatearutiera.ro\/index.php?rest_route=\/wp\/v2\/posts\/40898","targetHints":{"allow":["GET"]}}],"collection":[{"href":"https:\/\/realitatearutiera.ro\/index.php?rest_route=\/wp\/v2\/posts"}],"about":[{"href":"https:\/\/realitatearutiera.ro\/index.php?rest_route=\/wp\/v2\/types\/post"}],"author":[{"embeddable":true,"href":"https:\/\/realitatearutiera.ro\/index.php?rest_route=\/wp\/v2\/users\/1"}],"replies":[{"embeddable":true,"href":"https:\/\/realitatearutiera.ro\/index.php?rest_route=%2Fwp%2Fv2%2Fcomments&post=40898"}],"version-history":[{"count":3,"href":"https:\/\/realitatearutiera.ro\/index.php?rest_route=\/wp\/v2\/posts\/40898\/revisions"}],"predecessor-version":[{"id":40902,"href":"https:\/\/realitatearutiera.ro\/index.php?rest_route=\/wp\/v2\/posts\/40898\/revisions\/40902"}],"wp:featuredmedia":[{"embeddable":true,"href":"https:\/\/realitatearutiera.ro\/index.php?rest_route=\/wp\/v2\/media\/40899"}],"wp:attachment":[{"href":"https:\/\/realitatearutiera.ro\/index.php?rest_route=%2Fwp%2Fv2%2Fmedia&parent=40898"}],"wp:term":[{"taxonomy":"category","embeddable":true,"href":"https:\/\/realitatearutiera.ro\/index.php?rest_route=%2Fwp%2Fv2%2Fcategories&post=40898"},{"taxonomy":"post_tag","embeddable":true,"href":"https:\/\/realitatearutiera.ro\/index.php?rest_route=%2Fwp%2Fv2%2Ftags&post=40898"}],"curies":[{"name":"wp","href":"https:\/\/api.w.org\/{rel}","templated":true}]}}