{"id":41036,"date":"2018-09-21T09:07:10","date_gmt":"2018-09-21T06:07:10","guid":{"rendered":"http:\/\/realitatearutiera.ro\/?p=41036"},"modified":"2018-09-21T09:07:10","modified_gmt":"2018-09-21T06:07:10","slug":"zile-libere-2018-ce-bugetari-vor-avea-o-minivacanta-in-octombrie","status":"publish","type":"post","link":"https:\/\/realitatearutiera.ro\/?p=41036","title":{"rendered":"ZILE LIBERE 2018: Ce bugetari vor avea o minivacan\u0163\u0103 \u00een octombrie."},"content":{"rendered":"<p>Personalul din \u00eenv\u0103\u0163\u0103m\u00e2nt ar putea avea trei minivacna\u0163e p\u00e2n\u0103 la finalul anului. Unit\u0103\u021bile de \u00eenv\u0103\u021b\u0103m\u00e2nt \u0219i inspectoratele \u0219colare vor marca prin manifest\u0103ri specifice ziua de 5 octombrie\u00a0&#8211; Ziua interna\u021bional\u0103 a educa\u021biei \u0219i ziua de 5 iunie &#8211; Ziua \u00eenv\u0103\u021b\u0103torului, \u00een m\u0103sura \u00een care, prin contractul colectiv de munc\u0103 aplicabil, nu sunt instituite ca zile nelucr\u0103toare, se precizeaz\u0103 \u00een ordinul Ministerului Educa\u0163iei.<\/p>\n<p><strong>Anul \u015fcolar 2018-2019 a \u00eenceput la 10 septembrie, iar prima vacan\u021b\u0103 pentru pre\u0219colari \u0219i elevii claselor primare va fi la sf\u00e2r\u0219itul lunii octombrie. Iat\u0103 ce vacan\u0163e \u015fcolare sunt cuprinse \u00een structura anului \u015fcolar.<\/strong><\/p>\n<p>Noul an \u015fcolar 2018 \u2013 2019 are dou\u0103 semestre \u015fi patru vacan\u0163e: de iarn\u0103, cea intersemestrial\u0103, vacan\u0163a de prim\u0103var\u0103 \u015fi cea de var\u0103, care va \u00eencepe la 15 iunie. Pre\u015fcolarii \u015fi elevii claselor primare au, \u00een plus, o s\u0103pt\u0103m\u00e2n\u0103 de vacan\u0163\u0103, la sf\u00e2r\u015fitul lui octombrie.<\/p>\n<p><strong>Vacan\u0163ele elevilor din toate ciclurile de \u00eenv\u0103\u021b\u0103m\u00e2nt sunt programate astfel, \u00een anul \u0219colar 2018-2019:<\/strong><\/p>\n<p>\u00cen perioada 27 octombrie \u2013 4 noiembrie 2018, clasele din \u00eenv\u0103\u021b\u0103m\u00e2ntul primar \u0219i grupele din \u00eenv\u0103\u021b\u0103m\u00e2ntul pre\u0219colar sunt \u00een vacan\u021b\u0103. Asadar, copiii din ciclul primar vor avea prima vacan\u021b\u0103 \u00een 27 octombrie, \u00een timp ce copiii din ciclul gimnazial \u0219i liceal vor avea prima vacan\u021b\u0103 abia \u00een decembrie.<\/p>\n<ul>\n<li>Vacan\u021ba de iarn\u0103: s\u00e2mb\u0103t\u0103, 22 decembrie 2018 \u2013 duminic\u0103, 13 ianuarie 2019<\/li>\n<li>Vacan\u021ba intersemestrial\u0103: s\u00e2mb\u0103t\u0103, 2 februarie 2019 \u2013 duminic\u0103, 10 februarie 2019<\/li>\n<li>Vacan\u021ba de prim\u0103var\u0103: s\u00e2mb\u0103t\u0103, 20 aprilie 2019 \u2013 duminic\u0103 5 mai 2019<\/li>\n<li>Vacan\u021ba de var\u0103: s\u00e2mb\u0103t\u0103, 15 iunie 2019 \u2013 duminic\u0103, 15 septembrie 2019<\/li>\n<\/ul>\n<p>Alte zile libere pentru elevi \u0219i profesori vor fi 30 noiembrie 2018, de Sf\u00e2ntul Andrei (cade vineri), 24 ianuarie 2019, Ziua Principatelor Rom\u00e2ne, \u0219i 1 mai 2019, Ziua Muncii.<\/p>\n<p><em>Zile libere 2018.\u00a0<\/em>Salaria\u021bii au beneficiat, deja, de 11 zile de s\u0103rb\u0103toare legal\u0103, \u00een 2018. Asta \u00eenseamn\u0103 c\u0103 au mai r\u0103mas doar 4 din cele 15 prev\u0103zute \u00een Codul Muncii.<\/p>\n<p>Totu\u015fi, \u00een contextul \u00een care una dintre zilele libere r\u0103mase cade \u00eentr-o zi de s\u00e2mb\u0103t\u0103, rom\u00e2nii vor mai beneficia doar de trei zile libere \u00een intervalul luni-s\u00e2mb\u0103t\u0103.<\/p>\n<h2><em>Zile libere 2018.\u00a0<\/em>Calendarul zilelor libere p\u00e2n\u0103 la finalul anului 2018:<\/h2>\n<p>30 noiembrie &#8211; Sf\u00e2ntul Andrei &#8211; vineri<\/p>\n<p>1 decembrie &#8211; Ziua Na\u021bional\u0103 a Rom\u00e2niei &#8211; s\u00e2mb\u0103t\u0103<\/p>\n<p>25 decembrie &#8211; prima de Cr\u0103ciun &#8211; mar\u021bi<\/p>\n<p>26 decembrie &#8211; a doua zi de Cr\u0103ciun &#8211; miercuri.<\/p>\n<p>sursa: romaniatv.net<\/p>\n","protected":false},"excerpt":{"rendered":"<p>Personalul din \u00eenv\u0103\u0163\u0103m\u00e2nt ar putea avea trei minivacna\u0163e p\u00e2n\u0103 la finalul anului. Unit\u0103\u021bile de \u00eenv\u0103\u021b\u0103m\u00e2nt \u0219i inspectoratele \u0219colare vor marca<\/p>\n","protected":false},"author":1,"featured_media":33105,"comment_status":"closed","ping_status":"closed","sticky":false,"template":"","format":"standard","meta":{"spay_email":"","footnotes":"","jetpack_publicize_message":""},"categories":[6],"tags":[],"class_list":["post-41036","post","type-post","status-publish","format-standard","has-post-thumbnail","hentry","category-social"],"jetpack_featured_media_url":"https:\/\/i2.wp.com\/realitatearutiera.ro\/wp-content\/uploads\/2018\/02\/calendar-zi-nationala.jpg?fit=770%2C440&ssl=1","jetpack_publicize_connections":[],"jetpack_sharing_enabled":true,"jetpack_shortlink":"https:\/\/wp.me\/p61naM-aFS","jetpack-related-posts":[],"_links":{"self":[{"href":"https:\/\/realitatearutiera.ro\/index.php?rest_route=\/wp\/v2\/posts\/41036","targetHints":{"allow":["GET"]}}],"collection":[{"href":"https:\/\/realitatearutiera.ro\/index.php?rest_route=\/wp\/v2\/posts"}],"about":[{"href":"https:\/\/realitatearutiera.ro\/index.php?rest_route=\/wp\/v2\/types\/post"}],"author":[{"embeddable":true,"href":"https:\/\/realitatearutiera.ro\/index.php?rest_route=\/wp\/v2\/users\/1"}],"replies":[{"embeddable":true,"href":"https:\/\/realitatearutiera.ro\/index.php?rest_route=%2Fwp%2Fv2%2Fcomments&post=41036"}],"version-history":[{"count":1,"href":"https:\/\/realitatearutiera.ro\/index.php?rest_route=\/wp\/v2\/posts\/41036\/revisions"}],"predecessor-version":[{"id":41037,"href":"https:\/\/realitatearutiera.ro\/index.php?rest_route=\/wp\/v2\/posts\/41036\/revisions\/41037"}],"wp:featuredmedia":[{"embeddable":true,"href":"https:\/\/realitatearutiera.ro\/index.php?rest_route=\/wp\/v2\/media\/33105"}],"wp:attachment":[{"href":"https:\/\/realitatearutiera.ro\/index.php?rest_route=%2Fwp%2Fv2%2Fmedia&parent=41036"}],"wp:term":[{"taxonomy":"category","embeddable":true,"href":"https:\/\/realitatearutiera.ro\/index.php?rest_route=%2Fwp%2Fv2%2Fcategories&post=41036"},{"taxonomy":"post_tag","embeddable":true,"href":"https:\/\/realitatearutiera.ro\/index.php?rest_route=%2Fwp%2Fv2%2Ftags&post=41036"}],"curies":[{"name":"wp","href":"https:\/\/api.w.org\/{rel}","templated":true}]}}