{"id":41076,"date":"2018-09-24T08:58:04","date_gmt":"2018-09-24T05:58:04","guid":{"rendered":"http:\/\/realitatearutiera.ro\/?p=41076"},"modified":"2018-09-24T08:58:04","modified_gmt":"2018-09-24T05:58:04","slug":"ministrul-afacerilor-externe-a-activat-celula-de-criza-o-nava-maritima-a-fost-atacata-de-pirati-printre-ostatici-se-afla-si-un-roman","status":"publish","type":"post","link":"https:\/\/realitatearutiera.ro\/?p=41076","title":{"rendered":"Ministrul Afacerilor Externe a activat Celula de Criz\u0103, o nav\u0103 maritim\u0103 a fost atacat\u0103 de pira\u021bi, printre ostatici se afl\u0103 \u0219i un rom\u00e2n"},"content":{"rendered":"<p class=\"chapeau\">O nav\u0103 comercial\u0103 elve\u0163ian\u0103 a fost atacat\u0103 de pira\u0163i pe coasta Nigeriei, a anun\u0163at duminic\u0103 Autoritatea maritim\u0103 nigerian\u0103, ad\u0103ug\u00e2nd c\u0103 printre cei 12 ostatici lua\u0163i se num\u0103r\u0103 \u015fi un marinar rom\u00e2n, relateaz\u0103 site-ul agen\u0163iei Reuters \u015fi postul BBC. Ministrul Afacerilor Externe, Teodor Mele\u015fcanu, a activat Celula de Criz\u0103 pentru a fi \u00een contact permanent cu autorit\u0103\u0163ile locale.<\/p>\n<div class=\"ArticleImageContainer\">\n<p class=\"articlePhotoCaption\">Un rom\u00e2n \u015fi al\u0163i 11 marinari au fost r\u0103pi\u0163i de la bordul unei nave elve\u0163iene aflate \u00een Nigeria<\/p>\n<\/div>\n<div id=\"article_text_content\">\n<p>Printre cei 12 membrii ai echipajului r\u0103pi\u0163i se mai afl\u0103 \u015fi persoane din Filipine, Slovenia, Ucraina, Croa\u0163ia \u015fi Bosnia.<\/p>\n<p>Un purt\u0103tor de cuv\u00e2nt al firmei Massoel Shipping, compania c\u0103reia \u00eei apar\u0163ine nava atacat\u0103, a informat c\u0103 tot echipamentul de comunica\u0163ii al ambarca\u0163iunii a fost distrus.<\/p>\n<p>Compania a mai informat c\u0103 nava, care a fost atacat\u0103 s\u00e2mb\u0103t\u0103, transporta gr\u00e2u de la Lagos Port Harcourt, \u00een sudul Nigeriei.<\/p>\n<p><strong>MAE a activat celula de criz\u0103<\/strong><\/p>\n<p>\u201eMinisterul Afacerilor Externe, prin Ambasada Rom\u00e2niei la Berna \u015fi Ambasada Rom\u00e2niei la Abuja, are \u00een aten\u0163ie evenimentele legate de incidentul produs \u00een largul apelor nigeriene la data de 22 septembrie 2018, \u00een care a fost implicat\u0103 o nav\u0103 sub pavilion elve\u0163ian. Reprezentan\u0163ii celor dou\u0103 misiuni diplomatice au \u00eentreprins, \u00een regim de urgen\u0163\u0103, demersuri pe l\u00e2ng\u0103 autorit\u0103\u0163ile locale \u00een vederea ob\u0163inerii unor informa\u0163ii cu privire la existen\u0163a unor cet\u0103\u0163eni rom\u00e2ni printre persoanele afectate. Din informa\u0163iile ob\u0163inute de la autorit\u0103\u0163ile elve\u0163iene, s-a confirmat faptul c\u0103 printre membrii echipajului r\u0103pi\u0163i se afl\u0103 \u015fi un cet\u0103\u0163ean rom\u00e2n\u201d, se arat\u0103 \u00een comunicatul de pres\u0103 remis MEDIAFAX.<\/p>\n<p>Ministrul Afacerilor Externe, Teodor Mele\u015fcanu, a activat celula de criz\u0103 MAE pentru a \u0163ine leg\u0103tura permanent\u0103 cu autorit\u0103\u0163ile nigeriene \u015fi cu armatorul.<\/p>\n<p>\u201eAmbasada Rom\u00e2niei la Berna men\u0163ine leg\u0103tura permanent\u0103 cu Celula de Criz\u0103 a MAE elve\u0163ian, iar Ambasada Rom\u00e2niei la Abuja cu autorit\u0103\u0163ile nigeriene competente pentru alte informa\u0163ii de interes \u00een vederea solu\u0163ion\u0103rii cazului. Totodat\u0103, din dispozi\u0163ia ministrului afacerilor externe, Teodor Mele\u015fcanu, a fost activat\u0103 Celula de Criz\u0103 a MAE. Celula de criz\u0103 a MAE, prin misiunile diplomatice implicate, monitorizeaz\u0103 cu prioritate situa\u0163ia \u015fi este \u00een contact permanent cu autorit\u0103\u0163ile locale \u015fi cu armatorul\u201d, transmite MAE \u00een comunicatul de pres\u0103.<\/p>\n<p>De asemenea, \u201eMinisterul Afacerilor Externe reitereaz\u0103 recomandarea ca tratarea \u00een spa\u0163iul public a elementelor privind acest caz s\u0103 se fac\u0103 cu toat\u0103 precau\u0163ia, dat\u0103 fiind sensibilitatea cazului\u201d.<\/p>\n<p>sursa: mediafax.ro<\/p>\n<\/div>\n","protected":false},"excerpt":{"rendered":"<p>O nav\u0103 comercial\u0103 elve\u0163ian\u0103 a fost atacat\u0103 de pira\u0163i pe coasta Nigeriei, a anun\u0163at duminic\u0103 Autoritatea maritim\u0103 nigerian\u0103, ad\u0103ug\u00e2nd c\u0103<\/p>\n","protected":false},"author":1,"featured_media":41077,"comment_status":"closed","ping_status":"closed","sticky":false,"template":"","format":"standard","meta":{"spay_email":"","footnotes":"","jetpack_publicize_message":""},"categories":[11],"tags":[],"class_list":["post-41076","post","type-post","status-publish","format-standard","has-post-thumbnail","hentry","category-stiri-interne"],"jetpack_featured_media_url":"https:\/\/i2.wp.com\/realitatearutiera.ro\/wp-content\/uploads\/2018\/09\/Maersk.jpg?fit=789%2C520&ssl=1","jetpack_publicize_connections":[],"jetpack_sharing_enabled":true,"jetpack_shortlink":"https:\/\/wp.me\/p61naM-aGw","jetpack-related-posts":[],"_links":{"self":[{"href":"https:\/\/realitatearutiera.ro\/index.php?rest_route=\/wp\/v2\/posts\/41076","targetHints":{"allow":["GET"]}}],"collection":[{"href":"https:\/\/realitatearutiera.ro\/index.php?rest_route=\/wp\/v2\/posts"}],"about":[{"href":"https:\/\/realitatearutiera.ro\/index.php?rest_route=\/wp\/v2\/types\/post"}],"author":[{"embeddable":true,"href":"https:\/\/realitatearutiera.ro\/index.php?rest_route=\/wp\/v2\/users\/1"}],"replies":[{"embeddable":true,"href":"https:\/\/realitatearutiera.ro\/index.php?rest_route=%2Fwp%2Fv2%2Fcomments&post=41076"}],"version-history":[{"count":1,"href":"https:\/\/realitatearutiera.ro\/index.php?rest_route=\/wp\/v2\/posts\/41076\/revisions"}],"predecessor-version":[{"id":41078,"href":"https:\/\/realitatearutiera.ro\/index.php?rest_route=\/wp\/v2\/posts\/41076\/revisions\/41078"}],"wp:featuredmedia":[{"embeddable":true,"href":"https:\/\/realitatearutiera.ro\/index.php?rest_route=\/wp\/v2\/media\/41077"}],"wp:attachment":[{"href":"https:\/\/realitatearutiera.ro\/index.php?rest_route=%2Fwp%2Fv2%2Fmedia&parent=41076"}],"wp:term":[{"taxonomy":"category","embeddable":true,"href":"https:\/\/realitatearutiera.ro\/index.php?rest_route=%2Fwp%2Fv2%2Fcategories&post=41076"},{"taxonomy":"post_tag","embeddable":true,"href":"https:\/\/realitatearutiera.ro\/index.php?rest_route=%2Fwp%2Fv2%2Ftags&post=41076"}],"curies":[{"name":"wp","href":"https:\/\/api.w.org\/{rel}","templated":true}]}}