{"id":41237,"date":"2018-09-26T12:35:33","date_gmt":"2018-09-26T09:35:33","guid":{"rendered":"http:\/\/realitatearutiera.ro\/?p=41237"},"modified":"2018-09-26T12:35:33","modified_gmt":"2018-09-26T09:35:33","slug":"minus-38-grade-intr-un-oras-din-romania-cea-mai-scazuta-temperatura-a-toamnei-vremea-se-va-mai-raci","status":"publish","type":"post","link":"https:\/\/realitatearutiera.ro\/?p=41237","title":{"rendered":"Minus 3,8 grade \u00eentr-un ora\u015f din Rom\u00e2nia, cea mai sc\u0103zut\u0103 temperatur\u0103 a toamnei. Vremea se va mai r\u0103ci"},"content":{"rendered":"<p class=\"chapeau\">La Miercurea Ciuc s-au \u00eenregistrat, miercuri diminea\u0163\u0103, minus 3,8 grade Celsius, aceasta fiind cea mai sc\u0103zut\u0103 temperatur\u0103 a unei zile de toamn\u0103 de anul acesta, din zonele locuite din \u0163ar\u0103, iar meteorologii se a\u015fteapt\u0103 la o vreme mai rece joi diminea\u0163\u0103, transmite corespondentul MEDIAFAX.<\/p>\n<div class=\"ArticleImageContainer\">\n<p class=\"articlePhotoCaption\">Minus 3,8 grade \u00eentr-un ora\u015f din Rom\u00e2nia, cea mai sc\u0103zut\u0103 temperatur\u0103 a toamnei. Vremea se va mai r\u0103ci<\/p>\n<\/div>\n<div id=\"article_text_content\">\n<p>Reprezentan\u0163ii Centrului Meteorologic Regional Sibiu au declarat, corespondentului MEDIAFAX, c\u0103 cea mai sc\u0103zut\u0103 temperatur\u0103 din aria pe care o monitorizeaz\u0103, \u00een zonele locuite, a fost minus 3,8 grade, la Miercurea Ciuc.<\/p>\n<p>\u201dLa noapte prognoz\u0103m c\u0103 va fi mai frig la Miercurea Ciuc, minus 6 grade sau chiar temperaturi mai sc\u0103zute\u201d, potrivit sursei citate.<\/p>\n<p>Temperaturile \u00een zona Transilvaniei s-au \u00eencadrat \u00eentre minus 2 \u015fi plus 2 grade Celsius.<\/p>\n<p>Meteorologii au emis o informare meteo valabil\u0103 p\u00e2n\u0103 joi diminea\u0163\u0103, anun\u0163\u00e2nd frig, v\u00e2nt puternic \u015fi brum\u0103 timpurie \u00een toat\u0103 \u0163ara. Temperaturile vor fi cu 4 &#8211; 8 grade mai cobor\u00e2te dec\u00e2t valorile normale ale acestei perioade.<\/p>\n<p>Informarea meteo de r\u0103cire accentuat\u0103 a vremii, valabil\u0103 pentru toat\u0103 \u0163ara, a intrat \u00een vigoare mar\u0163i la ora 9.30 \u015fi este valabil\u0103 p\u00e2n\u0103 joi la ora 9.00.<\/p>\n<p>sursa: mediafax.ro<\/p>\n<\/div>\n","protected":false},"excerpt":{"rendered":"<p>La Miercurea Ciuc s-au \u00eenregistrat, miercuri diminea\u0163\u0103, minus 3,8 grade Celsius, aceasta fiind cea mai sc\u0103zut\u0103 temperatur\u0103 a unei zile<\/p>\n","protected":false},"author":1,"featured_media":41238,"comment_status":"closed","ping_status":"closed","sticky":false,"template":"","format":"standard","meta":{"spay_email":"","footnotes":"","jetpack_publicize_message":""},"categories":[6],"tags":[],"class_list":["post-41237","post","type-post","status-publish","format-standard","has-post-thumbnail","hentry","category-social"],"jetpack_featured_media_url":"https:\/\/i2.wp.com\/realitatearutiera.ro\/wp-content\/uploads\/2018\/09\/cea-mai-scazuta-temperatura-de-pana-acum-termometrele-au-aratat-minus-15-grade-la-miercurea-ciuc-285829.jpg?fit=620%2C378&ssl=1","jetpack_publicize_connections":[],"jetpack_sharing_enabled":true,"jetpack_shortlink":"https:\/\/wp.me\/p61naM-aJ7","jetpack-related-posts":[],"_links":{"self":[{"href":"https:\/\/realitatearutiera.ro\/index.php?rest_route=\/wp\/v2\/posts\/41237","targetHints":{"allow":["GET"]}}],"collection":[{"href":"https:\/\/realitatearutiera.ro\/index.php?rest_route=\/wp\/v2\/posts"}],"about":[{"href":"https:\/\/realitatearutiera.ro\/index.php?rest_route=\/wp\/v2\/types\/post"}],"author":[{"embeddable":true,"href":"https:\/\/realitatearutiera.ro\/index.php?rest_route=\/wp\/v2\/users\/1"}],"replies":[{"embeddable":true,"href":"https:\/\/realitatearutiera.ro\/index.php?rest_route=%2Fwp%2Fv2%2Fcomments&post=41237"}],"version-history":[{"count":1,"href":"https:\/\/realitatearutiera.ro\/index.php?rest_route=\/wp\/v2\/posts\/41237\/revisions"}],"predecessor-version":[{"id":41239,"href":"https:\/\/realitatearutiera.ro\/index.php?rest_route=\/wp\/v2\/posts\/41237\/revisions\/41239"}],"wp:featuredmedia":[{"embeddable":true,"href":"https:\/\/realitatearutiera.ro\/index.php?rest_route=\/wp\/v2\/media\/41238"}],"wp:attachment":[{"href":"https:\/\/realitatearutiera.ro\/index.php?rest_route=%2Fwp%2Fv2%2Fmedia&parent=41237"}],"wp:term":[{"taxonomy":"category","embeddable":true,"href":"https:\/\/realitatearutiera.ro\/index.php?rest_route=%2Fwp%2Fv2%2Fcategories&post=41237"},{"taxonomy":"post_tag","embeddable":true,"href":"https:\/\/realitatearutiera.ro\/index.php?rest_route=%2Fwp%2Fv2%2Ftags&post=41237"}],"curies":[{"name":"wp","href":"https:\/\/api.w.org\/{rel}","templated":true}]}}