{"id":41617,"date":"2018-10-10T08:37:19","date_gmt":"2018-10-10T05:37:19","guid":{"rendered":"http:\/\/realitatearutiera.ro\/?p=41617"},"modified":"2018-10-10T08:37:19","modified_gmt":"2018-10-10T05:37:19","slug":"atentie-soferi-sunt-restrictii-pe-autostrada-a1","status":"publish","type":"post","link":"https:\/\/realitatearutiera.ro\/?p=41617","title":{"rendered":"Aten\u021bie, \u0219oferi! Sunt restric\u0163ii pe autostrada A1"},"content":{"rendered":"<p>Circula\u0163ia rutier\u0103 se \u00eenchide \u00eencep\u00e2nd de miercuri pe A1, \u00eentre \u015eoimu\u015f \u015fi Simeria, deoarece \u00eencepe lucr\u0103rile de realizare a conexiunii \u00eentre sectorul de autostrad\u0103 Deva \u2013 Or\u0103\u015ftie cu lotul 4 al autostr\u0103zii Lugoj \u2013 Deva.<\/p>\n<div id=\"ivm-inread\" data-zone=\"Antena3-Video-OutStream\" data-width=\"620\">Potrivit Centrului Infotrafic din Inspectoratul General al Poli\u0163iei Rom\u00e2ne, \u00eencep\u00e2nd de miercuri, ora 8.00, se va \u00eenchide circula\u0163ia rutier\u0103 pe sectorul A1 \u015eoimu\u015f \u2013 Simeria, \u00eentre kilometrii 354 \u015fi 369, deoarece vor \u00eencepe lucr\u0103rile de realizare a conexiunii \u00eentre sectorul de autostrad\u0103 Deva \u2013 Or\u0103\u015ftie (aflat sub trafic) cu lotul 4 al autostr\u0103zii Lugoj \u2013 Deva (\u00een execu\u0163ie).<\/div>\n<div class=\"au-tag au-tag-processed au-tag-no-ad\" data-au-account=\"730763006483459\" data-au-site=\"antena3.ro\" data-au-zone=\"out-stream-video\" data-au-index=\"1\"><\/div>\n<div id=\"sticky-intext-roll-wrapper\">\n<div class=\"freewheel-intext-roll\">\n<div>\n<div>Se estimeaz\u0103 c\u0103 lucr\u0103rile vor fi finalizate p\u00e2n\u0103 \u00een data de 15 noiembrie 2018.<\/div>\n<\/div>\n<\/div>\n<\/div>\n<div class=\"banner\">\n<div class=\"marginbottom20\">\n<div id=\"div-gpt-ad-1487770369933-2\" data-google-query-id=\"CIDHhL2T-90CFQGC3godfj4GrA\">\n<div id=\"google_temp_div_\/62727623\/Antena3-Romania-Rectangle1_0\"><\/div>\n<div id=\"div-gpt-ad-1487770369933-2_ad_container\">Circula\u0163ia rutier\u0103 va fi \u00eenchis\u0103 pe tronsonul cuprins \u00eentre nodul rutier \u015eoimu\u015f \u015fi nodul rutier Simeria, traficul urm\u00e2nd s\u0103 se desf\u0103\u015foare deviat pe DN 7, pe segmentul Simeria \u2013 Deva.<\/div>\n<\/div>\n<div>Sursa:antena3<\/div>\n<\/div>\n<\/div>\n","protected":false},"excerpt":{"rendered":"<p>Circula\u0163ia rutier\u0103 se \u00eenchide \u00eencep\u00e2nd de miercuri pe A1, \u00eentre \u015eoimu\u015f \u015fi Simeria, deoarece \u00eencepe lucr\u0103rile de realizare a conexiunii<\/p>\n","protected":false},"author":1,"featured_media":41532,"comment_status":"closed","ping_status":"closed","sticky":false,"template":"","format":"standard","meta":{"spay_email":"","footnotes":"","jetpack_publicize_message":""},"categories":[54],"tags":[],"class_list":["post-41617","post","type-post","status-publish","format-standard","has-post-thumbnail","hentry","category-informatii-rutiere"],"jetpack_featured_media_url":"https:\/\/i1.wp.com\/realitatearutiera.ro\/wp-content\/uploads\/2018\/10\/trafic_restrictionat_bucuresti_61489600.jpg?fit=728%2C412&ssl=1","jetpack_publicize_connections":[],"jetpack_sharing_enabled":true,"jetpack_shortlink":"https:\/\/wp.me\/p61naM-aPf","jetpack-related-posts":[],"_links":{"self":[{"href":"https:\/\/realitatearutiera.ro\/index.php?rest_route=\/wp\/v2\/posts\/41617","targetHints":{"allow":["GET"]}}],"collection":[{"href":"https:\/\/realitatearutiera.ro\/index.php?rest_route=\/wp\/v2\/posts"}],"about":[{"href":"https:\/\/realitatearutiera.ro\/index.php?rest_route=\/wp\/v2\/types\/post"}],"author":[{"embeddable":true,"href":"https:\/\/realitatearutiera.ro\/index.php?rest_route=\/wp\/v2\/users\/1"}],"replies":[{"embeddable":true,"href":"https:\/\/realitatearutiera.ro\/index.php?rest_route=%2Fwp%2Fv2%2Fcomments&post=41617"}],"version-history":[{"count":1,"href":"https:\/\/realitatearutiera.ro\/index.php?rest_route=\/wp\/v2\/posts\/41617\/revisions"}],"predecessor-version":[{"id":41618,"href":"https:\/\/realitatearutiera.ro\/index.php?rest_route=\/wp\/v2\/posts\/41617\/revisions\/41618"}],"wp:featuredmedia":[{"embeddable":true,"href":"https:\/\/realitatearutiera.ro\/index.php?rest_route=\/wp\/v2\/media\/41532"}],"wp:attachment":[{"href":"https:\/\/realitatearutiera.ro\/index.php?rest_route=%2Fwp%2Fv2%2Fmedia&parent=41617"}],"wp:term":[{"taxonomy":"category","embeddable":true,"href":"https:\/\/realitatearutiera.ro\/index.php?rest_route=%2Fwp%2Fv2%2Fcategories&post=41617"},{"taxonomy":"post_tag","embeddable":true,"href":"https:\/\/realitatearutiera.ro\/index.php?rest_route=%2Fwp%2Fv2%2Ftags&post=41617"}],"curies":[{"name":"wp","href":"https:\/\/api.w.org\/{rel}","templated":true}]}}