{"id":417,"date":"2015-03-17T04:59:08","date_gmt":"2015-03-17T04:59:08","guid":{"rendered":"http:\/\/realitatearutiera.ro\/?p=417"},"modified":"2015-03-17T04:59:08","modified_gmt":"2015-03-17T04:59:08","slug":"incredibil-statiile-ratp-s-au-mutat-in-strada","status":"publish","type":"post","link":"https:\/\/realitatearutiera.ro\/?p=417","title":{"rendered":"INCREDIBIL! Sta\u0163iile RATP s-au mutat \u00een strad\u0103!"},"content":{"rendered":"<div class=\"sapou\">\n<p><strong>Ocuparea alveolelor de al\u0163i participan\u0163i la trafic \u00eei determin\u0103 pe \u015foferii de autobuz s\u0103 opreasc\u0103 pe unde apuc\u0103. Riscul accident\u0103rii unui c\u0103l\u0103tor care urc\u0103 sau coboar\u0103 din mijlocul de transport este destul de mare, f\u0103r\u0103 ca Poli\u0163ia Rutier\u0103 s\u0103 poat\u0103 lua m\u0103suri \u00eempotriva celor care ocup\u0103 abuziv sta\u0163iile regiei.<\/strong><\/p>\n<\/div>\n<div class=\"text\">\n<p>Nu de pu\u0163ine ori, \u015foferii RATP se v\u0103d pu\u015fi \u00een imposibilitatea de a putea opri \u00een sta\u0163ii. Certa\u0163i cu bunul sim\u0163, mul\u0163i posesori de autoturisme \u00ee\u015fi v\u0103d de propriul interes, nep\u0103s\u00e2ndu-le c\u0103 parc\u00e2nd \u00een sta\u0163iile RATP \u00eengreuneaz\u0103 activitatea angaja\u0163ilor regiei. Bun\u0103oar\u0103, \u015foferii de pe traseul 19 se v\u0103d nevoi\u0163i s\u0103 opreasc\u0103 \u00een strad\u0103 atunci c\u00e2nd ajung \u00een sta\u0163ia din vecin\u0103tatea Gr\u0103dini\u0163ei Sf. Parascheva. \u201eDiminea\u0163a, \u00eentre 7.30 \u015fi 8.30 \u015fi dup\u0103-amiaza, \u00eencep\u00e2nd cu ora 15.30, nu ai loc \u00een sta\u0163ie. Nu de pu\u0163ine ori, cei afla\u0163i \u00een sta\u0163ie ne-au repro\u015fat faptul c\u0103 sunt nevoi\u0163i s\u0103 fac\u0103 slalom printre autoturisme pentru a putea urca \u00een autobuz\u201d, spune un \u015fofer RATP de pe traseul 11. Acesta \u00ee\u015fi aminte\u015fte c\u0103 o persoan\u0103 era c\u00e2t pe ce s\u0103 fie accidentat\u0103. \u201eA cobor\u00e2t din autobuz \u015fi era s\u0103 fie lovit\u0103 de o ma\u015fin\u0103 care a dat s\u0103 plece. Bine c\u0103 nu s-a \u00eent\u00e2mplat nimic, altfel, cine \u015ftie, m\u0103 scoteau pe mine vinovat c\u0103 n-am oprit \u00een sta\u0163ie, de\u015fi este \u015ftiut faptul c\u0103 nu ai loc de at\u00e2tea ma\u015fini\u201d, mai spune acesta.<\/p>\n<p><strong>Sta\u0163ia eGros, plin\u0103 de taximetri\u015fti!<\/strong><br \/>\nAceea\u015fi situa\u0163ie este valabil\u0103 \u015fi pentru sta\u0163ia din dreptul complexului Egros. Goana dup\u0103 clien\u0163i \u00eei determin\u0103 pe \u015foferii de taxi s\u0103 parcheze exact \u00een alveolele destinate autobuzelor de pe traseul 11, cu toate c\u0103 nu exist\u0103 niciun indicator care s\u0103 le permit\u0103 acestora sta\u0163ionarea \u00een zon\u0103. \u201eNimeni nu \u00eei ia la \u00eentreb\u0103ri pe domnii taximetri\u015fti, care fac legea \u00een ora\u015f. Au ocupat tot carosabilul, iar atunci c\u00e2nd vine autobuzul, facem slalom printre ma\u015finile galbene pentru a ne putea urca\u201d, spune unul dintre ie\u015fenii afla\u0163i \u00een sta\u0163ie.<\/p>\n<p><strong>Problem\u0103 reclamat\u0103, dar nerezolvat\u0103!<\/strong><br \/>\nSta\u0163iile amintite nu sunt singurele unde exist\u0103 astfel de situa\u0163ii. \u201eExist\u0103 ma\u015fini parcate \u00een sta\u0163ii \u015fi la Gar\u0103, aici fiind vorba de microbuzele care fac curse interjude\u0163ene. Ne-am confruntat cu aceea\u015fi situa\u0163ie \u015fi \u00een Tudor Vladimirescu. Alte zone ar mai fi cele din vecin\u0103tatea \u015fcolilor. Deun\u0103zi, rondul din T\u0103t\u0103ra\u015fi Nord era blocat diminea\u0163a de un \u015fofer care \u015fi-a dus copilul la \u015fcoal\u0103. Nu sunt blocaje de durat\u0103, \u00eens\u0103 sunt deranjante\u201d, spun reprezentan\u0163ii Serviciului Exploatare din cadrul RATP Ia\u015fi pentru Realitatearutie<\/p>\n<p>&nbsp;<\/p>\n<\/div>\n","protected":false},"excerpt":{"rendered":"<p>Ocuparea alveolelor de al\u0163i participan\u0163i la trafic \u00eei determin\u0103 pe \u015foferii de autobuz s\u0103 opreasc\u0103 pe unde apuc\u0103. Riscul accident\u0103rii<\/p>\n","protected":false},"author":1,"featured_media":418,"comment_status":"open","ping_status":"open","sticky":false,"template":"","format":"standard","meta":{"spay_email":"","footnotes":"","jetpack_publicize_message":""},"categories":[6,11],"tags":[],"class_list":["post-417","post","type-post","status-publish","format-standard","has-post-thumbnail","hentry","category-social","category-stiri-interne"],"jetpack_featured_media_url":"https:\/\/i1.wp.com\/realitatearutiera.ro\/wp-content\/uploads\/2015\/03\/statii-ratp.png?fit=822%2C593&ssl=1","jetpack_publicize_connections":[],"jetpack_sharing_enabled":true,"jetpack_shortlink":"https:\/\/wp.me\/p61naM-6J","jetpack-related-posts":[],"_links":{"self":[{"href":"https:\/\/realitatearutiera.ro\/index.php?rest_route=\/wp\/v2\/posts\/417","targetHints":{"allow":["GET"]}}],"collection":[{"href":"https:\/\/realitatearutiera.ro\/index.php?rest_route=\/wp\/v2\/posts"}],"about":[{"href":"https:\/\/realitatearutiera.ro\/index.php?rest_route=\/wp\/v2\/types\/post"}],"author":[{"embeddable":true,"href":"https:\/\/realitatearutiera.ro\/index.php?rest_route=\/wp\/v2\/users\/1"}],"replies":[{"embeddable":true,"href":"https:\/\/realitatearutiera.ro\/index.php?rest_route=%2Fwp%2Fv2%2Fcomments&post=417"}],"version-history":[{"count":1,"href":"https:\/\/realitatearutiera.ro\/index.php?rest_route=\/wp\/v2\/posts\/417\/revisions"}],"predecessor-version":[{"id":419,"href":"https:\/\/realitatearutiera.ro\/index.php?rest_route=\/wp\/v2\/posts\/417\/revisions\/419"}],"wp:featuredmedia":[{"embeddable":true,"href":"https:\/\/realitatearutiera.ro\/index.php?rest_route=\/wp\/v2\/media\/418"}],"wp:attachment":[{"href":"https:\/\/realitatearutiera.ro\/index.php?rest_route=%2Fwp%2Fv2%2Fmedia&parent=417"}],"wp:term":[{"taxonomy":"category","embeddable":true,"href":"https:\/\/realitatearutiera.ro\/index.php?rest_route=%2Fwp%2Fv2%2Fcategories&post=417"},{"taxonomy":"post_tag","embeddable":true,"href":"https:\/\/realitatearutiera.ro\/index.php?rest_route=%2Fwp%2Fv2%2Ftags&post=417"}],"curies":[{"name":"wp","href":"https:\/\/api.w.org\/{rel}","templated":true}]}}