{"id":41786,"date":"2018-10-15T08:12:52","date_gmt":"2018-10-15T05:12:52","guid":{"rendered":"http:\/\/realitatearutiera.ro\/?p=41786"},"modified":"2018-10-15T08:12:52","modified_gmt":"2018-10-15T05:12:52","slug":"noua-persoane-au-ajuns-la-spital-in-urma-unui-accident-rutier","status":"publish","type":"post","link":"https:\/\/realitatearutiera.ro\/?p=41786","title":{"rendered":"Nou\u0103 persoane au ajuns la spital \u00een urma unui accident rutier"},"content":{"rendered":"<p>Nou\u0103 persoane, dintre care patru copii, sunt transportate la Spitalul Clinic Jude\u0163ean de Urgen\u0163\u0103 din Sibiu de\u015fi nu au fost r\u0103nite, ci doar pentru a nu suferi din cauza frigului, \u00een urma coliziunii \u00eentre un microbuz \u015fi un autoturism pe DN14 la \u015eura Mare, a anun\u0163at ISU Sibiu.<\/p>\n<p>&#8220;Ambulanta de transport victime multiple va transporta persoanele care se aflau \u00een microbuz la UPU Sibiu pentru a nu suferi din cauza frigului&#8221;, a precizat purt\u0103torul de cuv\u00e2nt al ISU Sibiu, Ramona Nistor.<\/p>\n<p>Potrivit purt\u0103torului de cuv\u00e2nt al IPJ Sibiu, Elena Welter, pe DN14, la ie\u015firea din \u015eura Mare spre Slimnic, conduc\u0103toarea auto a unei ma\u015fini a dep\u0103\u015fit neregulamentar \u015fi a intrat \u00een coliziune cu un microbuz \u00eenmatriculat \u00een Covasna. \u015eoferi\u0163a a primit \u00eengrijiri medicale la locul producerii accidentului.<\/p>\n<p>Traficul rutier se desf\u0103\u015foar\u0103 alternativ \u00een zona petrecerii coliziunii auto.<\/p>\n<p>Sursa:antena3<\/p>\n","protected":false},"excerpt":{"rendered":"<p>Nou\u0103 persoane, dintre care patru copii, sunt transportate la Spitalul Clinic Jude\u0163ean de Urgen\u0163\u0103 din Sibiu de\u015fi nu au fost<\/p>\n","protected":false},"author":1,"featured_media":38914,"comment_status":"closed","ping_status":"closed","sticky":false,"template":"","format":"standard","meta":{"spay_email":"","footnotes":"","jetpack_publicize_message":""},"categories":[1],"tags":[],"class_list":["post-41786","post","type-post","status-publish","format-standard","has-post-thumbnail","hentry","category-uncategorized"],"jetpack_featured_media_url":"https:\/\/i2.wp.com\/realitatearutiera.ro\/wp-content\/uploads\/2018\/07\/1-accident-copil-de-11-ani-la-spital-dupa-ce-masina-in-care-se-afla-s-a-izbit-violent-intr-un-gard-1.jpg?fit=667%2C500&ssl=1","jetpack_publicize_connections":[],"jetpack_sharing_enabled":true,"jetpack_shortlink":"https:\/\/wp.me\/p61naM-aRY","jetpack-related-posts":[],"_links":{"self":[{"href":"https:\/\/realitatearutiera.ro\/index.php?rest_route=\/wp\/v2\/posts\/41786","targetHints":{"allow":["GET"]}}],"collection":[{"href":"https:\/\/realitatearutiera.ro\/index.php?rest_route=\/wp\/v2\/posts"}],"about":[{"href":"https:\/\/realitatearutiera.ro\/index.php?rest_route=\/wp\/v2\/types\/post"}],"author":[{"embeddable":true,"href":"https:\/\/realitatearutiera.ro\/index.php?rest_route=\/wp\/v2\/users\/1"}],"replies":[{"embeddable":true,"href":"https:\/\/realitatearutiera.ro\/index.php?rest_route=%2Fwp%2Fv2%2Fcomments&post=41786"}],"version-history":[{"count":1,"href":"https:\/\/realitatearutiera.ro\/index.php?rest_route=\/wp\/v2\/posts\/41786\/revisions"}],"predecessor-version":[{"id":41787,"href":"https:\/\/realitatearutiera.ro\/index.php?rest_route=\/wp\/v2\/posts\/41786\/revisions\/41787"}],"wp:featuredmedia":[{"embeddable":true,"href":"https:\/\/realitatearutiera.ro\/index.php?rest_route=\/wp\/v2\/media\/38914"}],"wp:attachment":[{"href":"https:\/\/realitatearutiera.ro\/index.php?rest_route=%2Fwp%2Fv2%2Fmedia&parent=41786"}],"wp:term":[{"taxonomy":"category","embeddable":true,"href":"https:\/\/realitatearutiera.ro\/index.php?rest_route=%2Fwp%2Fv2%2Fcategories&post=41786"},{"taxonomy":"post_tag","embeddable":true,"href":"https:\/\/realitatearutiera.ro\/index.php?rest_route=%2Fwp%2Fv2%2Ftags&post=41786"}],"curies":[{"name":"wp","href":"https:\/\/api.w.org\/{rel}","templated":true}]}}