{"id":41854,"date":"2018-10-16T08:21:28","date_gmt":"2018-10-16T05:21:28","guid":{"rendered":"http:\/\/realitatearutiera.ro\/?p=41854"},"modified":"2018-10-16T08:21:28","modified_gmt":"2018-10-16T05:21:28","slug":"lucrari-intense-pe-dj-203k","status":"publish","type":"post","link":"https:\/\/realitatearutiera.ro\/?p=41854","title":{"rendered":"Lucr\u0103ri intense pe DJ 203K"},"content":{"rendered":"<p>Drumul jude\u0163ean 203K M\u0103r\u0103cineni-Podul Muncii va fi complet reabilitat. Modernizarea \u015foselei, \u00eenceput\u0103 luna trecut\u0103, presupune lucr\u0103ri de amploare, mai ales c\u0103 partea carosabil\u0103 urmeaz\u0103 s\u0103 fie l\u0103rgit\u0103. \u00cen \u00een premier\u0103 pentru jude\u0163ul Buz\u0103u, va fi construit\u0103 o pist\u0103 de biciclet\u0103.<\/p>\n<p>Drumul este unul intens circulat \u015fi extinderea carosabilului era absolut necesar\u0103 pentr a face fa\u0163\u0103 valorilor mari de trafic. Pre\u015fedintele Consiliului Jude\u0163ean promite c\u0103, \u00eencep\u00e2nd de acum, toate drumurile care se vor moderniza, vor fi executate la standardele actuale.<\/p>\n<p>Dup\u0103 tronsonul dintre M\u0103\u00adr\u0103cineni \u015fi Podu Muncii \u015fi cel dintre Vadu Pa\u015fii \u015fi Robeasca, ultima bucat\u0103 din cel mai lung drum jude\u0163ean urmeaz\u0103 s\u0103 fie \u015fi ea reabilitat\u0103. DJ 203K va deveni astfel unul dintre cele mai moderne din jude\u0163ul Buz\u0103u.<\/p>\n<p>\u201dCel mai probabil \u00een prim\u0103var\u0103 vor \u00eencepe lucr\u0103rile \u015fi pe tronsonul Vadu Pa\u015fii-Robeasca al drumului jude\u0163ean 203K unde licita\u0163ia a fost finalizat\u0103, s-a contestat, iar p\u00e2n\u0103 la prim\u0103var\u0103 se va rezolva \u015fi aceast\u0103 contesta\u0163ie \u015fi vor putea demara lucr\u0103rile. Totodat\u0103, \u00een perioada care urmeaz\u0103 vom depune un nou proiect \u015fi pentru modernizarea celeilalte por\u0163iuni din DJ203K \u00eentre Podu Muncii \u015fi Lop\u0103tari \u015fi sper ca \u00een maxim 4 ani tot drumul s\u0103 fie unul complet modernizat\u201d, a declarat Petre Emanoil Neagu.<\/p>\n<p>Lucr\u0103rile de refacere a DJ203K au \u00eenceput luna trecut\u0103 dinspre Podu Muncii, iar \u00een octombrie \u00een M\u0103r\u0103cineni. Lucrarea este una complex\u0103, cu s\u0103p\u0103turi de ad\u00e2ncime pentru consolidarea infrastructurii drumului \u015fi extinderea suprafe\u0163ei carosabile.<\/p>\n<p>Sursa:adevarul<\/p>\n","protected":false},"excerpt":{"rendered":"<p>Drumul jude\u0163ean 203K M\u0103r\u0103cineni-Podul Muncii va fi complet reabilitat. Modernizarea \u015foselei, \u00eenceput\u0103 luna trecut\u0103, presupune lucr\u0103ri de amploare, mai ales<\/p>\n","protected":false},"author":1,"featured_media":41855,"comment_status":"closed","ping_status":"closed","sticky":false,"template":"","format":"standard","meta":{"spay_email":"","footnotes":"","jetpack_publicize_message":""},"categories":[6],"tags":[],"class_list":["post-41854","post","type-post","status-publish","format-standard","has-post-thumbnail","hentry","category-social"],"jetpack_featured_media_url":"https:\/\/i2.wp.com\/realitatearutiera.ro\/wp-content\/uploads\/2018\/10\/1200x630.jpg?fit=1200%2C630&ssl=1","jetpack_publicize_connections":[],"jetpack_sharing_enabled":true,"jetpack_shortlink":"https:\/\/wp.me\/p61naM-aT4","jetpack-related-posts":[],"_links":{"self":[{"href":"https:\/\/realitatearutiera.ro\/index.php?rest_route=\/wp\/v2\/posts\/41854","targetHints":{"allow":["GET"]}}],"collection":[{"href":"https:\/\/realitatearutiera.ro\/index.php?rest_route=\/wp\/v2\/posts"}],"about":[{"href":"https:\/\/realitatearutiera.ro\/index.php?rest_route=\/wp\/v2\/types\/post"}],"author":[{"embeddable":true,"href":"https:\/\/realitatearutiera.ro\/index.php?rest_route=\/wp\/v2\/users\/1"}],"replies":[{"embeddable":true,"href":"https:\/\/realitatearutiera.ro\/index.php?rest_route=%2Fwp%2Fv2%2Fcomments&post=41854"}],"version-history":[{"count":1,"href":"https:\/\/realitatearutiera.ro\/index.php?rest_route=\/wp\/v2\/posts\/41854\/revisions"}],"predecessor-version":[{"id":41856,"href":"https:\/\/realitatearutiera.ro\/index.php?rest_route=\/wp\/v2\/posts\/41854\/revisions\/41856"}],"wp:featuredmedia":[{"embeddable":true,"href":"https:\/\/realitatearutiera.ro\/index.php?rest_route=\/wp\/v2\/media\/41855"}],"wp:attachment":[{"href":"https:\/\/realitatearutiera.ro\/index.php?rest_route=%2Fwp%2Fv2%2Fmedia&parent=41854"}],"wp:term":[{"taxonomy":"category","embeddable":true,"href":"https:\/\/realitatearutiera.ro\/index.php?rest_route=%2Fwp%2Fv2%2Fcategories&post=41854"},{"taxonomy":"post_tag","embeddable":true,"href":"https:\/\/realitatearutiera.ro\/index.php?rest_route=%2Fwp%2Fv2%2Ftags&post=41854"}],"curies":[{"name":"wp","href":"https:\/\/api.w.org\/{rel}","templated":true}]}}