{"id":41993,"date":"2018-10-18T13:22:38","date_gmt":"2018-10-18T10:22:38","guid":{"rendered":"http:\/\/realitatearutiera.ro\/?p=41993"},"modified":"2018-10-18T13:22:38","modified_gmt":"2018-10-18T10:22:38","slug":"salbaticia-din-carpati-bogatie-pentru-oameni-2","status":"publish","type":"post","link":"https:\/\/realitatearutiera.ro\/?p=41993","title":{"rendered":"S\u0103lb\u0103ticia din Carpa\u021bi, bog\u0103\u021bie pentru oameni"},"content":{"rendered":"<p>Partea a II-a<\/p>\n<p><strong>Piatra Secuiului de la Rimetea<\/strong><\/p>\n<p>Piatra Secuiului face parte din Mun\u0163ii Trasc\u0103ului li se \u00eenal\u0163\u0103 semea\u0163\u0103 deasupra satului Rimetea (jude\u0163ul Alba), un sat locuit \u00een mare parte de popula\u0163ie maghiar\u0103. Aici au fost coloniza\u0163i mineri germani \u00een secolul al XIII-lea, care s-au contopit cu popula\u0163ia maghiar\u0103. \u00cen v\u00e2rful Pietrei Secuiului, la o altitudine de 1128 m, se afl\u0103 dou\u0103 borne vopsite \u00een steagul Ungariei.<\/p>\n<p>Se spune c\u0103 Rimetea este locul \u00een care soarele r\u0103sare de dou\u0103 ori. \u015ei asta pentru c\u0103 Piatra Secuiului este at\u00e2t de aproape de s\u0103tuc \u015fi at\u00e2t de \u00eenalt\u0103, \u00eenc\u00e2t chiar \u015fi dup\u0103 ce r\u0103sare soarele diminea\u0163a, Rimetea este \u00eenc\u0103 \u00een umbr\u0103, de\u015fi afar\u0103 e lumin\u0103. Apoi, dup\u0103 ce are timp s\u0103 se mai ridice un pic pe cer, soarele apare de dup\u0103 Piatra Secuiului, r\u0103s\u0103rind pentru a doua oar\u0103 pentru a lumina \u015fi satul Rimetea.<\/p>\n<p><img loading=\"lazy\" decoding=\"async\" class=\"\" src=\"https:\/\/i0.wp.com\/adevarul.ro\/assets\/adevarul.ro\/MRImage\/2015\/05\/02\/55446dbdcfbe376e35c36771\/646x528.jpg?resize=437%2C357&#038;ssl=1\" width=\"437\" height=\"357\" data-recalc-dims=\"1\" \/>\u00a0 \u00a0<img loading=\"lazy\" decoding=\"async\" class=\"\" src=\"https:\/\/i0.wp.com\/travelwithasmile.net\/wp-content\/uploads\/2016\/08\/DSC_9080.jpg?resize=534%2C356&#038;ssl=1\" alt=\"DSC_9080\" width=\"534\" height=\"356\" data-recalc-dims=\"1\" \/><\/p>\n<p><strong>Piatra Craiului <\/strong><\/p>\n<p>Piatra Craiului se deosebe\u015fte geologic \u015fi morfologic de masivele \u015fi grupele muntoase \u00eenconjur\u0103toare. Este ca o \u201elama\u201d t\u0103ioas\u0103 \u015fi abrupt\u0103 din roci\u00a0 de v\u00e2rst\u0103 jurasic\u0103, lung\u0103 de aproximativ 26 km \u015fi lat\u0103 de 6-8 km. Altitudinea maxim\u0103 este atins\u0103 \u00een Vf. La Om de 2244m. Masivul are numeroase piscuri la peste 2000 m (Vf. Padina Popii (2025m), Vf. Ascu\u0163it (2150m), Vf. \u0162imbalul Mare (2177 m), V\u00e2rful \u0162imbale (2170 m), Vf. Sbirii (2220m), Vf. C\u0103ld\u0103rii Ocolite (2202 m).<\/p>\n<p>Parcul Na\u0163ional Piatra Craiului este una dintre cele mai bogate rezerva\u0163ii naturale din Rom\u00e2nia, cu o suprafa\u0163\u0103 de peste 1200 hectare, care \u00eenc\u0103 din 1938 se afl\u0103 sub ocrotirea legii. Reprezentativ\u0103 pentru \u00eentreaga\u00a0 zon\u0103, devenit\u0103 \u015fi simbol, este Garofi\u0163a Pietrei Craiului prezent\u0103 pe ambii versan\u0163i ai Pietrei Craiului.<\/p>\n<p><img loading=\"lazy\" decoding=\"async\" class=\"\" src=\"https:\/\/i1.wp.com\/adevarul.ro\/assets\/adevarul.ro\/MRImage\/2015\/05\/02\/55448816cfbe376e35c41eac\/646x528.jpg?resize=447%2C365&#038;ssl=1\" width=\"447\" height=\"365\" data-recalc-dims=\"1\" \/>\u00a0 \u00a0<img loading=\"lazy\" decoding=\"async\" class=\"\" src=\"https:\/\/upload.wikimedia.org\/wikipedia\/commons\/thumb\/8\/80\/Evening_rays_over_Piatra_Craiului_Mountains.jpg\/300px-Evening_rays_over_Piatra_Craiului_Mountains.jpg\" alt=\"Imagini pentru piatra craiului\" width=\"537\" height=\"358\" \/><\/p>\n<p>&nbsp;<\/p>\n<p><img loading=\"lazy\" decoding=\"async\" class=\"\" src=\"https:\/\/i2.wp.com\/romaniasalbatica.ro\/medias\/2016\/07\/03\/Piatra%20Craiului%2003.jpg?resize=473%2C316&#038;ssl=1\" alt=\"Imagini pentru piatra craiului\" width=\"473\" height=\"316\" data-recalc-dims=\"1\" \/>\u00a0\u00a0<img loading=\"lazy\" decoding=\"async\" class=\"\" src=\"https:\/\/i1.wp.com\/www.bizbrasov.ro\/wp-content\/uploads\/2015\/08\/piatra-craiului.jpg?resize=480%2C320\" alt=\"Imagini pentru piatra craiului\" width=\"480\" height=\"320\" data-recalc-dims=\"1\" \/><\/p>\n<p>&nbsp;<\/p>\n<p>Sursa:adevarul<\/p>\n","protected":false},"excerpt":{"rendered":"<p>Partea a II-a Piatra Secuiului de la Rimetea Piatra Secuiului face parte din Mun\u0163ii Trasc\u0103ului li se \u00eenal\u0163\u0103 semea\u0163\u0103 deasupra<\/p>\n","protected":false},"author":1,"featured_media":42006,"comment_status":"closed","ping_status":"closed","sticky":false,"template":"","format":"standard","meta":{"spay_email":"","footnotes":"","jetpack_publicize_message":""},"categories":[53],"tags":[],"class_list":["post-41993","post","type-post","status-publish","format-standard","has-post-thumbnail","hentry","category-periplu-prin-romania"],"jetpack_featured_media_url":"https:\/\/i2.wp.com\/realitatearutiera.ro\/wp-content\/uploads\/2018\/10\/Piatra_Craiului.jpg?fit=1200%2C900&ssl=1","jetpack_publicize_connections":[],"jetpack_sharing_enabled":true,"jetpack_shortlink":"https:\/\/wp.me\/p61naM-aVj","jetpack-related-posts":[],"_links":{"self":[{"href":"https:\/\/realitatearutiera.ro\/index.php?rest_route=\/wp\/v2\/posts\/41993","targetHints":{"allow":["GET"]}}],"collection":[{"href":"https:\/\/realitatearutiera.ro\/index.php?rest_route=\/wp\/v2\/posts"}],"about":[{"href":"https:\/\/realitatearutiera.ro\/index.php?rest_route=\/wp\/v2\/types\/post"}],"author":[{"embeddable":true,"href":"https:\/\/realitatearutiera.ro\/index.php?rest_route=\/wp\/v2\/users\/1"}],"replies":[{"embeddable":true,"href":"https:\/\/realitatearutiera.ro\/index.php?rest_route=%2Fwp%2Fv2%2Fcomments&post=41993"}],"version-history":[{"count":1,"href":"https:\/\/realitatearutiera.ro\/index.php?rest_route=\/wp\/v2\/posts\/41993\/revisions"}],"predecessor-version":[{"id":42007,"href":"https:\/\/realitatearutiera.ro\/index.php?rest_route=\/wp\/v2\/posts\/41993\/revisions\/42007"}],"wp:featuredmedia":[{"embeddable":true,"href":"https:\/\/realitatearutiera.ro\/index.php?rest_route=\/wp\/v2\/media\/42006"}],"wp:attachment":[{"href":"https:\/\/realitatearutiera.ro\/index.php?rest_route=%2Fwp%2Fv2%2Fmedia&parent=41993"}],"wp:term":[{"taxonomy":"category","embeddable":true,"href":"https:\/\/realitatearutiera.ro\/index.php?rest_route=%2Fwp%2Fv2%2Fcategories&post=41993"},{"taxonomy":"post_tag","embeddable":true,"href":"https:\/\/realitatearutiera.ro\/index.php?rest_route=%2Fwp%2Fv2%2Ftags&post=41993"}],"curies":[{"name":"wp","href":"https:\/\/api.w.org\/{rel}","templated":true}]}}