{"id":42014,"date":"2018-10-18T15:48:00","date_gmt":"2018-10-18T12:48:00","guid":{"rendered":"http:\/\/realitatearutiera.ro\/?p=42014"},"modified":"2018-10-18T15:48:00","modified_gmt":"2018-10-18T12:48:00","slug":"se-deschide-primul-centru-parkride-din-bucuresti-cat-va-costa-sa-ti-lasi-masina-in-el","status":"publish","type":"post","link":"https:\/\/realitatearutiera.ro\/?p=42014","title":{"rendered":"Se deschide primul centru Park&#038;Ride din Bucure\u015fti. C\u00e2t va costa s\u0103-\u0163i la\u015fi masina \u00een el"},"content":{"rendered":"<p>\u00cencep\u00e2nd cu luna noiembrie, parcarea de la Str\u0103ule\u015fti va fi func\u0163ional\u0103 pentru \u015foferii care vin \u00een Bucure\u015fti \u015fi vor s\u0103 circule cu metroul, iar tariful pentru o or\u0103 va fi de 1 leu, au declarat miercuri reprezentan\u0163ii companiei de transport public,\u00a0<a href=\"https:\/\/www.mediafax.ro\/social\/metrorex-parcarea-de-la-straulesti-va-fi-data-spre-utilizare-ce-tarif-vor-avea-de-platit-soferii-17560472\" target=\"_blank\" rel=\"noopener\">scrie Mediafax<\/a>.<\/p>\n<p>Metrorex anun\u0163\u0103 c\u0103 terminalul Multimodal (Park&amp;Ride) Str\u0103ule\u015fti este singurul de acest gen din Bucure\u015fti, situat \u00een zona de Nord-Vest a Bucure\u015ftiului, \u00een vecinatatea lacului Str\u0103ule\u015fti. At\u00e2t terminalul c\u00e2t \u015fi sta\u0163ia de metrou vor ajuta la fluidizarea transportului de suprafa\u0163\u0103 preluat din localita\u0163ile \u00eenvecinate precum Mogo\u015foaia sau Buftea, spun reprezentan\u0163ii companiei.<\/p>\n<p>\u201eTerminalul este amplasat peste galeria de metrou ce face legatura dintre sta\u0163ia Str\u0103ule\u015fti \u015fi Depoul Str\u0103ule\u015fti. Acesta, cu o suprafata de 38.869 mp \u015fi un regim de \u00een\u0103ltime parcare \u015fi trei etaje, are \u00een alcatuirea sa un parcaj pentru 650 de autovehicule, sal\u0103 de a\u015fteptare pentru c\u0103l\u0103torii transportului public or\u0103\u015fenesc \u015fi interurban\u201d, anun\u0163\u0103 Metrorex \u00eentr-un comunicat.<\/p>\n<p>De asemenea, potrivit reprezentan\u0163ilor companiei de transport public feroviar, terminalul este dotat cu lifturi de acces \u00een parcajul suprateran \u015fi va avea acces direct c\u0103tre sta\u0163ia de metrou Str\u0103ule\u015fti prin intermediul unei galerii subterane.<\/p>\n<p>Sta\u0163ia de metrou Lac Str\u0103ule\u015fti este o sta\u0163ie de metrou de pe linia M4 din Bucure\u015fti, inaugurat\u0103 la data de 31 martie 2017.<\/p>\n<p>sursa: promotor.ro<\/p>\n","protected":false},"excerpt":{"rendered":"<p>\u00cencep\u00e2nd cu luna noiembrie, parcarea de la Str\u0103ule\u015fti va fi func\u0163ional\u0103 pentru \u015foferii care vin \u00een Bucure\u015fti \u015fi vor s\u0103<\/p>\n","protected":false},"author":1,"featured_media":42015,"comment_status":"closed","ping_status":"closed","sticky":false,"template":"","format":"standard","meta":{"spay_email":"","footnotes":"","jetpack_publicize_message":""},"categories":[6],"tags":[],"class_list":["post-42014","post","type-post","status-publish","format-standard","has-post-thumbnail","hentry","category-social"],"jetpack_featured_media_url":"https:\/\/i2.wp.com\/realitatearutiera.ro\/wp-content\/uploads\/2018\/10\/parcare-straulesti-1024x768.jpg?fit=610%2C457&ssl=1","jetpack_publicize_connections":[],"jetpack_sharing_enabled":true,"jetpack_shortlink":"https:\/\/wp.me\/p61naM-aVE","jetpack-related-posts":[],"_links":{"self":[{"href":"https:\/\/realitatearutiera.ro\/index.php?rest_route=\/wp\/v2\/posts\/42014","targetHints":{"allow":["GET"]}}],"collection":[{"href":"https:\/\/realitatearutiera.ro\/index.php?rest_route=\/wp\/v2\/posts"}],"about":[{"href":"https:\/\/realitatearutiera.ro\/index.php?rest_route=\/wp\/v2\/types\/post"}],"author":[{"embeddable":true,"href":"https:\/\/realitatearutiera.ro\/index.php?rest_route=\/wp\/v2\/users\/1"}],"replies":[{"embeddable":true,"href":"https:\/\/realitatearutiera.ro\/index.php?rest_route=%2Fwp%2Fv2%2Fcomments&post=42014"}],"version-history":[{"count":1,"href":"https:\/\/realitatearutiera.ro\/index.php?rest_route=\/wp\/v2\/posts\/42014\/revisions"}],"predecessor-version":[{"id":42016,"href":"https:\/\/realitatearutiera.ro\/index.php?rest_route=\/wp\/v2\/posts\/42014\/revisions\/42016"}],"wp:featuredmedia":[{"embeddable":true,"href":"https:\/\/realitatearutiera.ro\/index.php?rest_route=\/wp\/v2\/media\/42015"}],"wp:attachment":[{"href":"https:\/\/realitatearutiera.ro\/index.php?rest_route=%2Fwp%2Fv2%2Fmedia&parent=42014"}],"wp:term":[{"taxonomy":"category","embeddable":true,"href":"https:\/\/realitatearutiera.ro\/index.php?rest_route=%2Fwp%2Fv2%2Fcategories&post=42014"},{"taxonomy":"post_tag","embeddable":true,"href":"https:\/\/realitatearutiera.ro\/index.php?rest_route=%2Fwp%2Fv2%2Ftags&post=42014"}],"curies":[{"name":"wp","href":"https:\/\/api.w.org\/{rel}","templated":true}]}}