{"id":42040,"date":"2018-10-19T11:15:46","date_gmt":"2018-10-19T08:15:46","guid":{"rendered":"http:\/\/realitatearutiera.ro\/?p=42040"},"modified":"2018-10-19T09:31:00","modified_gmt":"2018-10-19T06:31:00","slug":"salbaticia-din-carpati-bogatie-pentru-oameni-3","status":"publish","type":"post","link":"https:\/\/realitatearutiera.ro\/?p=42040","title":{"rendered":"S\u0103lb\u0103ticia din Carpa\u021bi, bog\u0103\u021bie pentru oameni"},"content":{"rendered":"<p>Partea a III-a<\/p>\n<p><strong>Pietrele Doamnei din Rar\u0103u <\/strong><\/p>\n<p>Cei care vor s\u0103 admire Pietrele Doamnei din Mun\u0163ii Rar\u0103ului trebuie s\u0103 apuce drumul care urm\u0103re\u015fte Valea Izvorului Alb ce urc\u0103 pe creasta Rar\u0103ului unde se afl\u0103 Cabana aflat\u0103 la altitudinea de 1.538 metri (sunt 14 kilometri pentru cei care merg cu ma\u015fina, iar drumul poate fi parcurs, pe jos, \u00een trei-patru ore, pe potecile marcate cu punct ro\u015fiu pentru amatorii de drume\u0163ii).<\/p>\n<p>Este o forma\u0163iune geologic\u0103 foarte spectaculoas\u0103 \u015fi important\u0103 din punct de vedere peisagistic, fiind c\u0103utat\u0103 de fotografi pentru spectacolul pe care natura \u00eel ofer\u0103 \u00een tot timpul zilei.\u00a0Pietrele Doamnei sunt \u00eenalte de 70 de metri \u015fi sunt situate la altitudinea de 1634 de metri, \u00een Mun\u0163ii Rar\u0103u. V\u00e2rful cel mai \u00eenalt atinge altitudinea de 1.651 de metri.<\/p>\n<p>Rezerva\u0163ia Natural\u0103 Pietrele Doamnei-Rar\u0103u este o arie protejata ce fascineaza \u00eenc\u0103 din trecut, fapt ce a dat nastere unor legendele despre acest loc. Dintre povestile locului, cea mai cunoscut\u0103 legend\u0103 aminte\u015fte c\u0103 domni\u0163a era Elena, so\u0163ia lui Petru Rare\u015f, domnitorul care a oferit denumirea de &#8220;Rar\u0103u&#8221; mun\u0163ilor de aici. Se spune c\u0103, \u00een timpul celei de-a doua domnii, cand turcii au navalit prin aceste locuri, el \u015fi \u015fi-a ascuns familia \u015fi averea aici, \u00eentr-o pe\u015fter\u0103. \u00cens\u0103, cu toate aceste, turcii au reusit sa ajunga p\u00e2n\u0103 aici iar domni\u0163a Elena \u015fi fiica sa au \u00eenceput s\u0103 se roage pentru a fi salvate, moment \u00een care un zgomot puternic s-a auzit din apropiere. Se pare c\u0103 \u00een acea clip\u0103, st\u00e2nci mari s-au desprins \u015fi au c\u0103zut peste locul \u00een acre era ascuns\u0103 averea domnitorului, \u00eengrop\u00e2ndu-i pe atacatori. Domni\u0163a Elena \u015fi fiica sa au sc\u0103pat \u00een acest fel de navalirea turcilor, doar cu pre\u0163ul averii.<\/p>\n<p><img loading=\"lazy\" decoding=\"async\" src=\"https:\/\/i2.wp.com\/www.lapensiuni.ro\/imgs\/extra_content\/pietrele-doamnei.jpg?resize=400%2C300&#038;ssl=1\" alt=\"\" width=\"400\" height=\"300\" data-recalc-dims=\"1\" \/><\/p>\n<p>Dincolo de legende, Pietrele Doamnei sunt c\u00e2t se poate de reale, \u00eenalte de 70 de metri \u015fi situate la altitudinea de 1634 de metri, \u00een Mun\u0163ii Rar\u0103u. V\u00e2rful cel mai \u00eenalt atinge altitudinea de 1.651 de metri. Este o rezervatie natural\u0103 mixt\u0103 de 933 hectare \u015fi este, \u00een acela\u015fi timp, Sit Natura 2000.<br \/>\nZona este important\u0103 datorit\u0103 bog\u0103\u0163iei vegeta\u0163iei endemice. Primele cercet\u0103ri geologice au fost \u00eentreprinse de geologii austrieci care au descoperit c\u0103 zona este format\u0103 din calcare cu \u00eencrusta\u0163ii de corali, amoni\u0163i, alge marine \u015fi alte elemente ce formau recife acum mai bine de 140 de milioane de ani. Dintre acestea, se disting fosilele din genurile Requenia \u0219i Matheronia. \u00cen cretacic, teritoriul era acoperit de ape marine. Odat\u0103 cu mi\u015fc\u0103rile tectonice, apa s-a retras, iar recifele au fost ridicate la suprafa\u0163\u0103. Mun\u0163ii Rar\u0103u sunt forma\u0163i din straturi de diferite roci, \u00een principal sedimentare, iar forma\u0163iunea Pietrele Doamnei sunt \u00eencadrate \u00een fli\u015ful s\u0103lbatic, cu o sedimenta\u0163ie haotic\u0103.<\/p>\n<p>Pietrele Doamnei sunt un loc prielnic \u015fi pentru iubitorii de alpinism. Au fost escaladate pentru prima oar\u0103 \u00een 1921<br \/>\n\u00cen aceea\u0219i rezerva\u021bie se afl\u0103 un alt masiv de calcare, Piatra Zimbrului, lung de 600 de metri \u0219i \u00eenalt de o sut\u0103 de metri, care prezint\u0103 o succesiune de forma\u021biuni triasice, mai ales calcare, ce formeaz\u0103 un perete vertical. Este un olistolit prins \u00een fli\u0219ul cretacic. \u0218i tot \u00een aceast\u0103 rezerva\u021bie este cuprins\u0103 \u0219i Pe\u0219tera Liliecilor.<\/p>\n<p>&nbsp;<\/p>\n<p><img loading=\"lazy\" decoding=\"async\" class=\"\" src=\"https:\/\/i2.wp.com\/adevarul.ro\/assets\/adevarul.ro\/MRImage\/2015\/05\/02\/5544723ecfbe376e35c38563\/646x528.jpg?resize=346%2C283&#038;ssl=1\" width=\"346\" height=\"283\" data-recalc-dims=\"1\" \/>\u00a0 \u00a0<img loading=\"lazy\" decoding=\"async\" class=\"\" src=\"https:\/\/i2.wp.com\/www.proalpin.ro\/blog\/wp-content\/uploads\/2016\/02\/pietrele-doamnei-rarau-730x548.jpg?resize=377%2C283&#038;ssl=1\" alt=\"Imagini pentru pietrele doamnei\" width=\"377\" height=\"283\" data-recalc-dims=\"1\" \/>\u00a0 \u00a0<img loading=\"lazy\" decoding=\"async\" class=\"\" src=\"https:\/\/i2.wp.com\/2.bp.blogspot.com\/-HCp_mmDxEwg\/UhVNwV1HGNI\/AAAAAAAAAYg\/ADzpgWrFyEw\/s1600\/20130709_142836.jpg?resize=392%2C294\" alt=\"Imagini pentru pietrele doamnei\" width=\"392\" height=\"294\" data-recalc-dims=\"1\" \/><\/p>\n<p>Sursa:.lapensiuni<\/p>\n<p><strong>Inima verde a T\u0103ului \u0162apului <\/strong><\/p>\n<p>Un alt loc r\u0103pitor din Carpa\u0163i este T\u0103ul \u0162apului. Lacul, format pe fundul c\u0103ld\u0103rii format de mun\u0163ii din jur, are o inim\u0103 verde: o insuli\u0163\u0103, ceea ce face ca T\u0103ul \u0162apului s\u0103 fie unic pentru lacurile din mun\u0163i.<\/p>\n<p>T\u0103ul \u0162apului este considerat drept cel mai pitoresc \u015fi fotogenic lac din Retezat. Toate traseele ce aduc aici sunt obositoare \u015fi necesit\u0103 experien\u0163\u0103 montan\u0103.<\/p>\n<p>Este situat sub Por\u0163ile \u00cenchise, la altitudinea de 2.130 de metri. Este alimentat de patru izvoare \u015fi de avalan\u015fele de z\u0103pad\u0103. Lacul a ajuns la o suprafa\u0163\u0103 de 2,3 hectare, are o lungime de 200 \u015fi o l\u0103\u0163ime de 130 m. Insuli\u0163a \u00eenierbat\u0103 a ap\u0103rut \u00een urma unei avalan\u015fe pornite de pe \u00een\u0103l\u0163imile V\u00e2rfului \u0162apului \u015fi oprit\u0103 \u00een lac, depun\u00e2nd grohoti\u015f ce a dep\u0103\u015fit nivelul apei cu aproape un metru.<\/p>\n<p>T\u0103ul \u021aapului este cel mai pitoresc \u0219i fotogenic lac din Retezat. Ascuns de pere\u021bi st\u00e2nco\u0219i, \u00eentr-o c\u0103ldarea \u00eengust\u0103, este protejat natural, fiindc\u0103 toate traseele ce aduc aici sunt obositoare \u0219i necesit\u0103 experien\u021b\u0103 montan\u0103. Este situat sub Por\u021bile \u00cenchise, la altitudinea de 2 130 m.<\/p>\n<div id=\"anya\">\n<p class=\"abs t_v f3 n j vt cb bt b0\">Alimentat de patru izvoare \u0219i de avalan\u0219ele de z\u0103pad\u0103 a ajuns la o suprafa\u021b\u0103 de 2,30 hectare, av\u00e2nd o lungime de 200 \u0219i o l\u0103\u021bime de 130 m. Un deosebit farmec \u00eei confer\u0103 insuli\u021ba \u00eenierbat\u0103 ap\u0103rut\u0103 \u00een urma unei avalan\u0219e pornite de pe \u00een\u0103l\u021bimile V\u00e2rfului \u021aapului \u0219i oprit\u0103 \u00een lac, depun\u00e2nd grohoti\u0219 ce a dep\u0103\u0219it nivelul apei cu aproape un metru. Ad\u00e2ncimea maxim\u0103 este de 6 m. Apele lui se scurg la vale, \u00eens\u0103 p\u00e2r\u00e2ia\u0219ul bogat se poate observa de la vreo 15 m de lac.<\/p>\n<p class=\"abs t_v f3 n j vt cb bt b0\">Diferen\u021bele de nivel dau na\u0219tere la cascade ce \u00eenfrumuse\u021beaz\u0103 valea \u00eentre jnepeni, p\u00e2n\u0103 la contopirea cu p\u00e2r\u00e2ul T\u0103urilor Custurii. Lacul a fost populat \u00een 1977 cu p\u0103str\u0103vi, iar \u00een jurul lacului sunt popula\u021bii de mormote, a c\u0103ror fluierat mai str\u0103punge din c\u00e2nd \u00een c\u00e2nd lini\u0219tea acestui col\u021b de rai. Singurul traseu recomandat pe care se poate ajunge \u00een zona lacului este pe drumul Por\u021bilor \u00eenchise, care o perioad\u0103 lung\u0103 a fost \u00eenchis din cauza periculozit\u0103\u021bii \u0219i a fost redeschis mul\u021bumit efortului colectivului Parcului Na\u021bional Retezat, care a amenajat traseul<\/p>\n<\/div>\n<div><img loading=\"lazy\" decoding=\"async\" class=\"abs b1\" title=\"Taul Tapului, Muntii Retezat, Foto: Bogdan Danciu\" src=\"https:\/\/i1.wp.com\/www.welcometoromania.ro\/Retezat\/images\/taul_tapului2.jpg?resize=319%2C210&#038;ssl=1\" alt=\"Taul Tapului, Muntii Retezat, Foto: Bogdan Danciu\" width=\"319\" height=\"210\" data-recalc-dims=\"1\" \/><img loading=\"lazy\" decoding=\"async\" class=\"abs b1\" title=\"Taul Tapului, Muntii Retezat, Foto: Mihai P\u0103curaru\" src=\"https:\/\/i0.wp.com\/www.welcometoromania.ro\/Retezat\/images\/taul_tapului3.jpg?resize=313%2C206&#038;ssl=1\" alt=\"Taul Tapului, Muntii Retezat, Foto: Mihai P\u0103curaru\" width=\"313\" height=\"206\" data-recalc-dims=\"1\" \/><img loading=\"lazy\" decoding=\"async\" class=\"abs b1\" title=\"Taul Tapului, Muntii Retezat, Foto: Mihai Bursesc\" src=\"https:\/\/i2.wp.com\/www.welcometoromania.ro\/Retezat\/images\/taul_tapului4.jpg?resize=310%2C204&#038;ssl=1\" alt=\"Taul Tapului, Muntii Retezat, Foto: Mihai Bursesc\" width=\"310\" height=\"204\" data-recalc-dims=\"1\" \/><img loading=\"lazy\" decoding=\"async\" class=\"abs b1\" title=\"Taul Tapului, Muntii Retezat, Foto: Mihai Bursesc\" src=\"https:\/\/i0.wp.com\/www.welcometoromania.ro\/Retezat\/images\/taul_tapului5.jpg?resize=316%2C208&#038;ssl=1\" alt=\"Taul Tapului, Muntii Retezat, Foto: Mihai Bursesc\" width=\"316\" height=\"208\" data-recalc-dims=\"1\" \/><img loading=\"lazy\" decoding=\"async\" class=\"abs b1\" title=\"Taul Tapului, Muntii Retezat, Foto: Mihai Bursesc\" src=\"https:\/\/i2.wp.com\/www.welcometoromania.ro\/Retezat\/images\/taul_tapului6.jpg?resize=314%2C207&#038;ssl=1\" alt=\"Taul Tapului, Muntii Retezat, Foto: Mihai Bursesc\" width=\"314\" height=\"207\" data-recalc-dims=\"1\" \/><img loading=\"lazy\" decoding=\"async\" class=\"abs b1\" title=\"Taul Tapului, Muntii Retezat, Foto: Emilia Bota\" src=\"https:\/\/i1.wp.com\/www.welcometoromania.ro\/Retezat\/images\/taul_tapului7.jpg?resize=188%2C249&#038;ssl=1\" alt=\"Taul Tapului, Muntii Retezat, Foto: Emilia Bota\" width=\"188\" height=\"249\" data-recalc-dims=\"1\" \/><img loading=\"lazy\" decoding=\"async\" class=\"abs b1\" title=\"Taul Tapului, Muntii Retezat, Foto: Emilia Bota\" src=\"https:\/\/i2.wp.com\/www.welcometoromania.ro\/Retezat\/images\/taul_tapului8.jpg?resize=185%2C245&#038;ssl=1\" alt=\"Taul Tapului, Muntii Retezat, Foto: Emilia Bota\" width=\"185\" height=\"245\" data-recalc-dims=\"1\" \/><img loading=\"lazy\" decoding=\"async\" class=\"abs b1\" title=\"Taul Tapului, Muntii Retezat, Foto: Mihai P\u0103curaru\" src=\"https:\/\/i0.wp.com\/www.welcometoromania.ro\/Retezat\/images\/taul_tapului12.jpg?resize=321%2C212&#038;ssl=1\" alt=\"Taul Tapului, Muntii Retezat, Foto: Mihai P\u0103curaru\" width=\"321\" height=\"212\" data-recalc-dims=\"1\" \/><img loading=\"lazy\" decoding=\"async\" class=\"abs b1\" title=\"Taul Tapului, Muntii Retezat, Foto: Mihai P\u0103curaru\" src=\"https:\/\/i0.wp.com\/www.welcometoromania.ro\/Retezat\/images\/taul_tapului13.jpg?resize=316%2C208&#038;ssl=1\" alt=\"Taul Tapului, Muntii Retezat, Foto: Mihai P\u0103curaru\" width=\"316\" height=\"208\" data-recalc-dims=\"1\" \/><img decoding=\"async\" class=\"abs b1\" title=\"Taul Tapului, Muntii Retezat, Foto: Mihai P\u0103curaru\" src=\"https:\/\/i0.wp.com\/www.welcometoromania.ro\/Retezat\/images\/taul_tapului14.jpg?w=800&#038;ssl=1\" alt=\"Taul Tapului, Muntii Retezat, Foto: Mihai P\u0103curaru\" data-recalc-dims=\"1\" \/><img decoding=\"async\" class=\"abs b1\" title=\"Taul Tapului, Muntii Retezat, Foto: Mihai P\u0103curaru\" src=\"https:\/\/i2.wp.com\/www.welcometoromania.ro\/Retezat\/images\/taul_tapului15.jpg?w=800&#038;ssl=1\" alt=\"Taul Tapului, Muntii Retezat, Foto: Mihai P\u0103curaru\" data-recalc-dims=\"1\" \/><img decoding=\"async\" class=\"abs b1\" title=\"Taul Tapului, Muntii Retezat, Foto: Emilia Bota\" src=\"https:\/\/i1.wp.com\/www.welcometoromania.ro\/Retezat\/images\/taul_tapului16.jpg?w=800&#038;ssl=1\" alt=\"Taul Tapului, Muntii Retezat, Foto: Emilia Bota\" data-recalc-dims=\"1\" \/><img decoding=\"async\" class=\"abs b1\" title=\"Taul Tapului, Muntii Retezat, Foto: Mihai P\u0103curaru\" src=\"https:\/\/i2.wp.com\/www.welcometoromania.ro\/Retezat\/images\/taul_tapului17.jpg?w=800&#038;ssl=1\" alt=\"Taul Tapului, Muntii Retezat, Foto: Mihai P\u0103curaru\" data-recalc-dims=\"1\" \/><img decoding=\"async\" class=\"abs b1\" title=\"Taul Tapului, Muntii Retezat, Foto: Emilia Bota\" src=\"https:\/\/i1.wp.com\/www.welcometoromania.ro\/Retezat\/images\/taul_tapului18.jpg?w=800&#038;ssl=1\" alt=\"Taul Tapului, Muntii Retezat, Foto: Emilia Bota\" data-recalc-dims=\"1\" \/><img decoding=\"async\" class=\"abs b1\" title=\"Taul Tapului, Muntii Retezat, Foto: Csupor Jen\u0151\" src=\"https:\/\/i0.wp.com\/www.welcometoromania.ro\/Retezat\/images\/taul_tapului19.jpg?w=800&#038;ssl=1\" alt=\"Taul Tapului, Muntii Retezat, Foto: Csupor Jen\u0151\" data-recalc-dims=\"1\" \/><img decoding=\"async\" class=\"abs b1\" title=\"Taul Tapului, Muntii Retezat, Foto: Mihai Bursesc\" src=\"https:\/\/i0.wp.com\/www.welcometoromania.ro\/Retezat\/images\/taul_tapului20.jpg?w=800&#038;ssl=1\" alt=\"Taul Tapului, Muntii Retezat, Foto: Mihai Bursesc\" data-recalc-dims=\"1\" \/><img decoding=\"async\" class=\"abs b1\" title=\"Taul Tapului, Muntii Retezat, Foto: Csupor Jen\u0151\" src=\"https:\/\/i1.wp.com\/www.welcometoromania.ro\/Retezat\/images\/taul_tapului21.jpg?w=800&#038;ssl=1\" alt=\"Taul Tapului, Muntii Retezat, Foto: Csupor Jen\u0151\" data-recalc-dims=\"1\" \/><img decoding=\"async\" class=\"abs b1\" title=\"Taul Tapului, Muntii Retezat, Foto: Emilia Bota\" src=\"https:\/\/i1.wp.com\/www.welcometoromania.ro\/Retezat\/images\/taul_tapului22.jpg?w=800&#038;ssl=1\" alt=\"Taul Tapului, Muntii Retezat, Foto: Emilia Bota\" data-recalc-dims=\"1\" \/><\/div>\n<div id=\"right\">\n<div id=\"adsenseRight\">Sursa:welcometoromania<\/div>\n<\/div>\n<p>&nbsp;<\/p>\n","protected":false},"excerpt":{"rendered":"<p>Partea a III-a Pietrele Doamnei din Rar\u0103u Cei care vor s\u0103 admire Pietrele Doamnei din Mun\u0163ii Rar\u0103ului trebuie s\u0103 apuce<\/p>\n","protected":false},"author":1,"featured_media":42047,"comment_status":"closed","ping_status":"closed","sticky":false,"template":"","format":"standard","meta":{"spay_email":"","footnotes":"","jetpack_publicize_message":""},"categories":[53],"tags":[],"class_list":["post-42040","post","type-post","status-publish","format-standard","has-post-thumbnail","hentry","category-periplu-prin-romania"],"jetpack_featured_media_url":"https:\/\/i2.wp.com\/realitatearutiera.ro\/wp-content\/uploads\/2018\/10\/RO_SV_Pietrele_Doamnei_2.jpg?fit=284%2C195&ssl=1","jetpack_publicize_connections":[],"jetpack_sharing_enabled":true,"jetpack_shortlink":"https:\/\/wp.me\/p61naM-aW4","jetpack-related-posts":[],"_links":{"self":[{"href":"https:\/\/realitatearutiera.ro\/index.php?rest_route=\/wp\/v2\/posts\/42040","targetHints":{"allow":["GET"]}}],"collection":[{"href":"https:\/\/realitatearutiera.ro\/index.php?rest_route=\/wp\/v2\/posts"}],"about":[{"href":"https:\/\/realitatearutiera.ro\/index.php?rest_route=\/wp\/v2\/types\/post"}],"author":[{"embeddable":true,"href":"https:\/\/realitatearutiera.ro\/index.php?rest_route=\/wp\/v2\/users\/1"}],"replies":[{"embeddable":true,"href":"https:\/\/realitatearutiera.ro\/index.php?rest_route=%2Fwp%2Fv2%2Fcomments&post=42040"}],"version-history":[{"count":1,"href":"https:\/\/realitatearutiera.ro\/index.php?rest_route=\/wp\/v2\/posts\/42040\/revisions"}],"predecessor-version":[{"id":42048,"href":"https:\/\/realitatearutiera.ro\/index.php?rest_route=\/wp\/v2\/posts\/42040\/revisions\/42048"}],"wp:featuredmedia":[{"embeddable":true,"href":"https:\/\/realitatearutiera.ro\/index.php?rest_route=\/wp\/v2\/media\/42047"}],"wp:attachment":[{"href":"https:\/\/realitatearutiera.ro\/index.php?rest_route=%2Fwp%2Fv2%2Fmedia&parent=42040"}],"wp:term":[{"taxonomy":"category","embeddable":true,"href":"https:\/\/realitatearutiera.ro\/index.php?rest_route=%2Fwp%2Fv2%2Fcategories&post=42040"},{"taxonomy":"post_tag","embeddable":true,"href":"https:\/\/realitatearutiera.ro\/index.php?rest_route=%2Fwp%2Fv2%2Ftags&post=42040"}],"curies":[{"name":"wp","href":"https:\/\/api.w.org\/{rel}","templated":true}]}}