{"id":42043,"date":"2018-10-19T12:21:19","date_gmt":"2018-10-19T09:21:19","guid":{"rendered":"http:\/\/realitatearutiera.ro\/?p=42043"},"modified":"2018-10-19T09:25:12","modified_gmt":"2018-10-19T06:25:12","slug":"black-friday-2018-vezi-aici-programul-celui-mai-mare-magazin-online","status":"publish","type":"post","link":"https:\/\/realitatearutiera.ro\/?p=42043","title":{"rendered":"BLACK FRIDAY 2018! Vezi aici programul celui mai mare magazin online!"},"content":{"rendered":"<p class=\"chapeau\">Iulian Stanciu, CEO-ul eMag, a anun\u0163at, joi, c\u00e2nd organizeaz\u0103 compania anul acesta Black Friday \u015fi motivele pentru care a ales aceast\u0103 dat\u0103.<\/p>\n<p>eMag, cel mai mare retailer online din Rom\u00e2nia \u00een func\u0163ie de cifra de afaceri, organizeaz\u0103 anul acesta Black Friday la data de <em><strong>16 noiembrie.<\/strong><\/em><\/p>\n<p><em>\u201eVrem s\u0103 am timp ca p\u00e2n\u0103 la mini vacan\u0163a de 30 noiembrie &#8211; 1 decembrie &#8211; c\u00e2nd va fi, c\u0103 variaz\u0103 \u00een fiecare an &#8211; s\u0103 livr\u0103m tot. <\/em><strong>Va fi o singur\u0103 zi<\/strong><em>\u201d<\/em>, a detaliat Iulian Stanciu, CEO-ul eMag.<\/p>\n<p>Retailer-ul online a adus Black Friday \u00een Rom\u00e2nia \u00eencep\u00e2nd cu anul 2011. Black Friday este o tradi\u0163ie \u00een Statele Unite ale Americii, de unde a fost preluat\u0103 global, fiind folosit de retaileri, at\u00e2t de cei online, c\u00e2t \u015fi de cei tradi\u0163ionali, pentru a accelera v\u00e2nz\u0103rile pentru Cr\u0103ciun.<\/p>\n<div id=\"videoad\"><\/div>\n<div id=\"nvl-widget-container\"><\/div>\n","protected":false},"excerpt":{"rendered":"<p>Iulian Stanciu, CEO-ul eMag, a anun\u0163at, joi, c\u00e2nd organizeaz\u0103 compania anul acesta Black Friday \u015fi motivele pentru care a ales<\/p>\n","protected":false},"author":1,"featured_media":42044,"comment_status":"closed","ping_status":"closed","sticky":false,"template":"","format":"standard","meta":{"spay_email":"","footnotes":"","jetpack_publicize_message":""},"categories":[11],"tags":[],"class_list":["post-42043","post","type-post","status-publish","format-standard","has-post-thumbnail","hentry","category-stiri-interne"],"jetpack_featured_media_url":"https:\/\/i1.wp.com\/realitatearutiera.ro\/wp-content\/uploads\/2018\/10\/download-1-1.jpg?fit=300%2C168&ssl=1","jetpack_publicize_connections":[],"jetpack_sharing_enabled":true,"jetpack_shortlink":"https:\/\/wp.me\/p61naM-aW7","jetpack-related-posts":[],"_links":{"self":[{"href":"https:\/\/realitatearutiera.ro\/index.php?rest_route=\/wp\/v2\/posts\/42043","targetHints":{"allow":["GET"]}}],"collection":[{"href":"https:\/\/realitatearutiera.ro\/index.php?rest_route=\/wp\/v2\/posts"}],"about":[{"href":"https:\/\/realitatearutiera.ro\/index.php?rest_route=\/wp\/v2\/types\/post"}],"author":[{"embeddable":true,"href":"https:\/\/realitatearutiera.ro\/index.php?rest_route=\/wp\/v2\/users\/1"}],"replies":[{"embeddable":true,"href":"https:\/\/realitatearutiera.ro\/index.php?rest_route=%2Fwp%2Fv2%2Fcomments&post=42043"}],"version-history":[{"count":1,"href":"https:\/\/realitatearutiera.ro\/index.php?rest_route=\/wp\/v2\/posts\/42043\/revisions"}],"predecessor-version":[{"id":42045,"href":"https:\/\/realitatearutiera.ro\/index.php?rest_route=\/wp\/v2\/posts\/42043\/revisions\/42045"}],"wp:featuredmedia":[{"embeddable":true,"href":"https:\/\/realitatearutiera.ro\/index.php?rest_route=\/wp\/v2\/media\/42044"}],"wp:attachment":[{"href":"https:\/\/realitatearutiera.ro\/index.php?rest_route=%2Fwp%2Fv2%2Fmedia&parent=42043"}],"wp:term":[{"taxonomy":"category","embeddable":true,"href":"https:\/\/realitatearutiera.ro\/index.php?rest_route=%2Fwp%2Fv2%2Fcategories&post=42043"},{"taxonomy":"post_tag","embeddable":true,"href":"https:\/\/realitatearutiera.ro\/index.php?rest_route=%2Fwp%2Fv2%2Ftags&post=42043"}],"curies":[{"name":"wp","href":"https:\/\/api.w.org\/{rel}","templated":true}]}}