{"id":42380,"date":"2018-10-29T08:59:24","date_gmt":"2018-10-29T06:59:24","guid":{"rendered":"http:\/\/realitatearutiera.ro\/?p=42380"},"modified":"2018-10-29T08:59:24","modified_gmt":"2018-10-29T06:59:24","slug":"un-barbat-care-se-intorcea-de-la-munca-din-olanda-a-murit-chiar-cand-avionul-a-aterizat","status":"publish","type":"post","link":"https:\/\/realitatearutiera.ro\/?p=42380","title":{"rendered":"Un b\u0103rbat care se \u00eentorcea de la munc\u0103 din Olanda, a murit chiar c\u00e2nd avionul a aterizat"},"content":{"rendered":"<div><strong>Un b\u0103rbat ce venea de la munc\u0103 din Olanda a murit la bordul de aeronave care a aterizat, duminic\u0103 seara, pe Aeroportul Interna\u0163ional Ia\u015fi, au anun\u0163at, luni diminea\u0163a, reprezentan\u0163ii SMURD Ia\u015fi, cita\u021bi de Agerpres.<\/strong><\/div>\n<div><\/div>\n<div>Coordonatorul SMURD Ia\u015fi, Diana Cimpoe\u015fu, a declarat c\u0103 b\u0103rbatul, \u00een v\u00e2rst\u0103 de 51 de ani, a suferit un stop cardiorespirator la aterizarea avionului \u00een care era \u00eembarcat.<\/div>\n<div><\/div>\n<div>&#8220;Echipajul SMURD Terapie Intensiv\u0103 Mobil\u0103 a fost solicitat s\u0103 intervin\u0103 duminic\u0103, \u00een jurul orei 18,45, pe Aeroportul Ia\u015fi. \u00centrebate de medicul de urgen\u0163\u0103, \u00eenso\u0163itoarele de bord au declarat c\u0103 au vorbit cu dumnealui tot timpul zborului, \u00eenainte de aterizare \u015fi au verificat centura de siguran\u0163\u0103. La aterizare s-a constatat c\u0103 acesta nu reac\u0163ioneaz\u0103 \u015fi au sunat la 112. SMURD se afla \u00een zona aeroportului pentru a prelua un pacient cu infarct adus de elicopter de la Bac\u0103u. S-a \u00eencercat resuscitarea timp de 60 minute, f\u0103r\u0103 r\u0103spuns \u00eens\u0103. S-a declarat decesul&#8221;, a precizat prof. univ. dr. Diana Cimpoe\u015fu.<\/div>\n<div><\/div>\n<div>Reprezentan\u0163ii Aeroportului Interna\u0163ional Ia\u015fi sus\u0163in c\u0103 b\u0103rbatul venea de la munc\u0103 din Olanda, pe ruta aerian\u0103 Eindhoven &#8211; Ia\u015fi.<\/div>\n","protected":false},"excerpt":{"rendered":"<p>Un b\u0103rbat ce venea de la munc\u0103 din Olanda a murit la bordul de aeronave care a aterizat, duminic\u0103 seara,<\/p>\n","protected":false},"author":1,"featured_media":29478,"comment_status":"closed","ping_status":"closed","sticky":false,"template":"","format":"standard","meta":{"spay_email":"","footnotes":"","jetpack_publicize_message":""},"categories":[11],"tags":[],"class_list":["post-42380","post","type-post","status-publish","format-standard","has-post-thumbnail","hentry","category-stiri-interne"],"jetpack_featured_media_url":"https:\/\/i2.wp.com\/realitatearutiera.ro\/wp-content\/uploads\/2017\/11\/avion.jpg?fit=692%2C520&ssl=1","jetpack_publicize_connections":[],"jetpack_sharing_enabled":true,"jetpack_shortlink":"https:\/\/wp.me\/p61naM-b1y","jetpack-related-posts":[],"_links":{"self":[{"href":"https:\/\/realitatearutiera.ro\/index.php?rest_route=\/wp\/v2\/posts\/42380","targetHints":{"allow":["GET"]}}],"collection":[{"href":"https:\/\/realitatearutiera.ro\/index.php?rest_route=\/wp\/v2\/posts"}],"about":[{"href":"https:\/\/realitatearutiera.ro\/index.php?rest_route=\/wp\/v2\/types\/post"}],"author":[{"embeddable":true,"href":"https:\/\/realitatearutiera.ro\/index.php?rest_route=\/wp\/v2\/users\/1"}],"replies":[{"embeddable":true,"href":"https:\/\/realitatearutiera.ro\/index.php?rest_route=%2Fwp%2Fv2%2Fcomments&post=42380"}],"version-history":[{"count":1,"href":"https:\/\/realitatearutiera.ro\/index.php?rest_route=\/wp\/v2\/posts\/42380\/revisions"}],"predecessor-version":[{"id":42381,"href":"https:\/\/realitatearutiera.ro\/index.php?rest_route=\/wp\/v2\/posts\/42380\/revisions\/42381"}],"wp:featuredmedia":[{"embeddable":true,"href":"https:\/\/realitatearutiera.ro\/index.php?rest_route=\/wp\/v2\/media\/29478"}],"wp:attachment":[{"href":"https:\/\/realitatearutiera.ro\/index.php?rest_route=%2Fwp%2Fv2%2Fmedia&parent=42380"}],"wp:term":[{"taxonomy":"category","embeddable":true,"href":"https:\/\/realitatearutiera.ro\/index.php?rest_route=%2Fwp%2Fv2%2Fcategories&post=42380"},{"taxonomy":"post_tag","embeddable":true,"href":"https:\/\/realitatearutiera.ro\/index.php?rest_route=%2Fwp%2Fv2%2Ftags&post=42380"}],"curies":[{"name":"wp","href":"https:\/\/api.w.org\/{rel}","templated":true}]}}