{"id":42426,"date":"2018-10-29T13:16:15","date_gmt":"2018-10-29T11:16:15","guid":{"rendered":"http:\/\/realitatearutiera.ro\/?p=42426"},"modified":"2018-10-29T13:16:15","modified_gmt":"2018-10-29T11:16:15","slug":"accident-rutier-cu-trei-victime-produs-pe-fondul-neatentiei","status":"publish","type":"post","link":"https:\/\/realitatearutiera.ro\/?p=42426","title":{"rendered":"Accident rutier cu trei victime produs pe fondul neaten\u0163iei"},"content":{"rendered":"<p>Un b\u0103rbat de 31 de ani este cercetat pentru v\u0103t\u0103mare corporal\u0103 din culp\u0103, dup\u0103 ce a intrat \u00eentr-o curb\u0103 periculoas\u0103 f\u0103r\u0103 s\u0103 reduc\u0103 viteza, astfel c\u0103 a ajuns cu ma\u015fina pe contrasens, unde a acro\u015fat un alt autovehicul care circula regulamentar.<\/p>\n<p>Pe 28 octombrie, poli\u0163i\u015ftii Biroului Rutier Gala\u0163i au fost sesiza\u0163i printr-un apel de urgen\u0163\u0103 la 112 cu privire la faptul c\u0103 pe D.J. 251 a avut loc un accident rutier, soldat cu mai multe victime.<\/p>\n<p>\u201dDin primele verific\u0103ri efectuate de poli\u0163i\u015ftii sosi\u0163i la fa\u0163a locului, a reie\u015fit c\u0103 un b\u0103rbat de 31 ani a condus autoturismul \u00eentre localit\u0103\u0163ile Costache Negri \u015fi Pechea \u015fi, ajung\u00e2nd \u00eentr-o curb\u0103 periculoas\u0103, pe fondul neaten\u0163iei, a p\u0103truns pe contrasens unde a intrat \u00een coliziune cu un autoturism care circula regulamentar \u015fi care, \u00een urma impactului, a p\u0103r\u0103sit partea carosabil\u0103\u201d, a declarat comisarul \u015fef Gabriela Costin, purt\u0103torul de cuv\u00e2nt al IPJ Gala\u0163i.<\/p>\n<p>At\u00e2t \u015foferul ma\u015finii, un b\u0103rbat de 41 ani, c\u00e2t \u015fi doi pasageri de 38 \u015fi 39 ani, afla\u0163i \u00een aceasta, au suferit v\u0103t\u0103m\u0103ri corporale, fiind condu\u015fi la spital pentru \u00eengrijiri medicale, dar nu au r\u0103mas interna\u0163i. Ambii conduc\u0103tori auto au fost testa\u0163i alcoolscopic, rezultatul fiind negativ.<\/p>\n<p>Poli\u0163i\u015ftii au deschis un dosar penal \u00een acest caz pentru v\u0103t\u0103mare corporal\u0103 din culp\u0103.<\/p>\n<p>Sursa:adevarul<\/p>\n","protected":false},"excerpt":{"rendered":"<p>Un b\u0103rbat de 31 de ani este cercetat pentru v\u0103t\u0103mare corporal\u0103 din culp\u0103, dup\u0103 ce a intrat \u00eentr-o curb\u0103 periculoas\u0103<\/p>\n","protected":false},"author":1,"featured_media":0,"comment_status":"closed","ping_status":"closed","sticky":false,"template":"","format":"standard","meta":{"spay_email":"","footnotes":"","jetpack_publicize_message":""},"categories":[1],"tags":[],"class_list":["post-42426","post","type-post","status-publish","format-standard","hentry","category-uncategorized"],"jetpack_featured_media_url":"","jetpack_publicize_connections":[],"jetpack_sharing_enabled":true,"jetpack_shortlink":"https:\/\/wp.me\/p61naM-b2i","jetpack-related-posts":[],"_links":{"self":[{"href":"https:\/\/realitatearutiera.ro\/index.php?rest_route=\/wp\/v2\/posts\/42426","targetHints":{"allow":["GET"]}}],"collection":[{"href":"https:\/\/realitatearutiera.ro\/index.php?rest_route=\/wp\/v2\/posts"}],"about":[{"href":"https:\/\/realitatearutiera.ro\/index.php?rest_route=\/wp\/v2\/types\/post"}],"author":[{"embeddable":true,"href":"https:\/\/realitatearutiera.ro\/index.php?rest_route=\/wp\/v2\/users\/1"}],"replies":[{"embeddable":true,"href":"https:\/\/realitatearutiera.ro\/index.php?rest_route=%2Fwp%2Fv2%2Fcomments&post=42426"}],"version-history":[{"count":1,"href":"https:\/\/realitatearutiera.ro\/index.php?rest_route=\/wp\/v2\/posts\/42426\/revisions"}],"predecessor-version":[{"id":42427,"href":"https:\/\/realitatearutiera.ro\/index.php?rest_route=\/wp\/v2\/posts\/42426\/revisions\/42427"}],"wp:attachment":[{"href":"https:\/\/realitatearutiera.ro\/index.php?rest_route=%2Fwp%2Fv2%2Fmedia&parent=42426"}],"wp:term":[{"taxonomy":"category","embeddable":true,"href":"https:\/\/realitatearutiera.ro\/index.php?rest_route=%2Fwp%2Fv2%2Fcategories&post=42426"},{"taxonomy":"post_tag","embeddable":true,"href":"https:\/\/realitatearutiera.ro\/index.php?rest_route=%2Fwp%2Fv2%2Ftags&post=42426"}],"curies":[{"name":"wp","href":"https:\/\/api.w.org\/{rel}","templated":true}]}}