{"id":43304,"date":"2018-11-19T10:52:28","date_gmt":"2018-11-19T08:52:28","guid":{"rendered":"http:\/\/realitatearutiera.ro\/?p=43304"},"modified":"2018-11-19T08:53:41","modified_gmt":"2018-11-19T06:53:41","slug":"peisaje-feerice-la-munte-dupa-primele-zile-de-ninsoare","status":"publish","type":"post","link":"https:\/\/realitatearutiera.ro\/?p=43304","title":{"rendered":"Peisaje feerice la munte, dup\u0103 primele zile de ninsoare"},"content":{"rendered":"<p lang=\"ro-RO\"><strong>Mun\u0163ii Rar\u0103ului<\/strong> sunt desprin\u015fi parc\u0103 din pove\u015fti dup\u0103 \u015fase zile de ninsoare. Brazi pudra\u0163i cu z\u0103pad\u0103 \u015fi petice mari de om\u0103t str\u0103lucesc sub soare \u015fi se ascund din loc \u00een loc sub o mare de nori pufo\u015fi.<\/p>\n<p lang=\"ro-RO\">Feeria rezist\u0103 doar la \u00een\u0103l\u0163ime. Mai spre poale este plin de chiote. Stratul alb este suficient de gros \u015fi pentru cei care \u00eencing o b\u0103taie cu bulg\u0103ri \u015fi pentru cei care au preocup\u0103ri&#8230;artistice.<\/p>\n<p lang=\"ro-RO\">Turist: Pentru copii e o real\u0103 pl\u0103cere iar Rar\u0103ul, ca \u00een fiecare an, ne ofer\u0103 ceva magnific.<\/p>\n<p lang=\"ro-RO\">Turi\u015ftii trebuie s\u0103 fie aten\u0163i \u015fi s\u0103 nu se lase fura\u0163i de peisajele mirifice, avertizeaz\u0103 salvamonti\u015ftii. Z\u0103pada poate deveni repede un du\u015fman.<\/p>\n<p><span lang=\"ro-RO\">Voicu Raia, \u0219ef Salvamont Suceava: \u201eStratul poate ajunge \u0219i la un metru ceea ce face foarte dificil\u0103 \u00eenaintarea pe zonele respective, la traseele astea de iarn\u0103. Marcajele, majoritatea f\u0103cute pe st\u00e2nci sau chiar \u0219i pe copaci, din cauza z\u0103pezii sunt ascunse.\u201d<\/span><\/p>\n<p lang=\"ro-RO\">Motiv de bucurie au avut \u015fi turi\u015ftii care au mers \u00een zona <strong>Transalpina<\/strong>. I-au a\u015fteptat mun\u0163i albi, copaci \u00eembr\u0103ca\u0163i \u00een ghea\u0163\u0103 \u015fi z\u0103pada pufoas\u0103.<\/p>\n<p lang=\"ro-RO\">Iar cine simte nevoia s\u0103 \u00ee\u015fi refac\u0103 for\u0163ele dup\u0103 plimb\u0103ri prin z\u0103pad\u0103, poate s\u0103 se bazeze pe buc\u0103tarii de la R\u00e2nca. \u015etiu exact cum s\u0103 combine ingredientele pentru o por\u0163ie de bun\u0103t\u0103\u0163i.<\/p>\n<p lang=\"ro-RO\">Diana Speretoiu, jurnalist Digi24: A\u015fa vor fi \u00eent\u00e2mpina\u0163i turi\u015ftii care vor ajunge la munte. Pe l\u00e2ng\u0103 meniurile tradi\u0163ionale, pentru cei cu gusturi sofisticate, buc\u0103tarii preg\u0103tesc preparate v\u00e2n\u0103tore\u015fti sau exotice.<\/p>\n<p><span lang=\"ro-RO\">Dac\u0103 va ninge abundent, cum promit meteorologii, p\u00e2rtiile de la R\u00e2nca vor fi numai bune pentru schiat \u00een minivacan\u0163a de 1 decembrie.<\/span><\/p>\n<p>Video: <a href=\"https:\/\/www.digi24.ro\/magazin\/timp-liber\/vacante\/video-peisaje-de-basm-la-munte-dupa-sase-zile-de-ninsoare-1034549\">aici\u00a0<\/a><\/p>\n<p>Sursa:digi24<\/p>\n","protected":false},"excerpt":{"rendered":"<p>Mun\u0163ii Rar\u0103ului sunt desprin\u015fi parc\u0103 din pove\u015fti dup\u0103 \u015fase zile de ninsoare. Brazi pudra\u0163i cu z\u0103pad\u0103 \u015fi petice mari de<\/p>\n","protected":false},"author":1,"featured_media":43305,"comment_status":"closed","ping_status":"closed","sticky":false,"template":"","format":"standard","meta":{"spay_email":"","footnotes":"","jetpack_publicize_message":""},"categories":[53],"tags":[],"class_list":["post-43304","post","type-post","status-publish","format-standard","has-post-thumbnail","hentry","category-periplu-prin-romania"],"jetpack_featured_media_url":"https:\/\/i0.wp.com\/realitatearutiera.ro\/wp-content\/uploads\/2018\/11\/pietrele-doamnei-rarau_01.jpg?fit=750%2C313&ssl=1","jetpack_publicize_connections":[],"jetpack_sharing_enabled":true,"jetpack_shortlink":"https:\/\/wp.me\/p61naM-bgs","jetpack-related-posts":[],"_links":{"self":[{"href":"https:\/\/realitatearutiera.ro\/index.php?rest_route=\/wp\/v2\/posts\/43304","targetHints":{"allow":["GET"]}}],"collection":[{"href":"https:\/\/realitatearutiera.ro\/index.php?rest_route=\/wp\/v2\/posts"}],"about":[{"href":"https:\/\/realitatearutiera.ro\/index.php?rest_route=\/wp\/v2\/types\/post"}],"author":[{"embeddable":true,"href":"https:\/\/realitatearutiera.ro\/index.php?rest_route=\/wp\/v2\/users\/1"}],"replies":[{"embeddable":true,"href":"https:\/\/realitatearutiera.ro\/index.php?rest_route=%2Fwp%2Fv2%2Fcomments&post=43304"}],"version-history":[{"count":1,"href":"https:\/\/realitatearutiera.ro\/index.php?rest_route=\/wp\/v2\/posts\/43304\/revisions"}],"predecessor-version":[{"id":43306,"href":"https:\/\/realitatearutiera.ro\/index.php?rest_route=\/wp\/v2\/posts\/43304\/revisions\/43306"}],"wp:featuredmedia":[{"embeddable":true,"href":"https:\/\/realitatearutiera.ro\/index.php?rest_route=\/wp\/v2\/media\/43305"}],"wp:attachment":[{"href":"https:\/\/realitatearutiera.ro\/index.php?rest_route=%2Fwp%2Fv2%2Fmedia&parent=43304"}],"wp:term":[{"taxonomy":"category","embeddable":true,"href":"https:\/\/realitatearutiera.ro\/index.php?rest_route=%2Fwp%2Fv2%2Fcategories&post=43304"},{"taxonomy":"post_tag","embeddable":true,"href":"https:\/\/realitatearutiera.ro\/index.php?rest_route=%2Fwp%2Fv2%2Ftags&post=43304"}],"curies":[{"name":"wp","href":"https:\/\/api.w.org\/{rel}","templated":true}]}}