{"id":43314,"date":"2018-11-21T08:29:11","date_gmt":"2018-11-21T06:29:11","guid":{"rendered":"http:\/\/realitatearutiera.ro\/?p=43314"},"modified":"2018-11-21T08:29:11","modified_gmt":"2018-11-21T06:29:11","slug":"21-noiembrie-superstitii-la-intrarea-maicii-domnului-in-biserica","status":"publish","type":"post","link":"https:\/\/realitatearutiera.ro\/?p=43314","title":{"rendered":"21 noiembrie: Supersti\u0163ii la Intrarea Maicii Domnului \u00een biseric\u0103"},"content":{"rendered":"<p>Intrarea Maicii Domnului \u00een Biseric\u0103, pr\u0103znuit\u0103 \u00een fiecare an pe 21 noiembrie, este considerat\u0103 a fi o zi magic\u0103 \u015fi este asociat\u0103 \u00een popor cu simbolurile luminii: candela, lum\u00e2narea, focul \u015fi soarele. Pentru reu\u015fita copiilor din acea familie, candela trebuie s\u0103 fie aprins\u0103 \u00een c\u0103minul fiec\u0103rui credincios, iar focul s\u0103 ard\u0103 \u00een c\u0103min toat\u0103 noaptea.<\/p>\n<p>Tot \u00een aceast\u0103 noapte se fac farmece \u015fi desc\u00e2ntece, se afl\u0103 ursita \u015fi se fac previziuni meteorologice. Acum se fac previziuni referitoare la oameni \u015fi la vreme. \u00cen tradi\u0163ia popular\u0103, se spune c\u0103 \u00een ziua de Ovidenie se dechid cerurile \u015fi credincio\u015fii \u00een\u0163eleg graiul animalelor.<\/p>\n<p><strong>Credincio\u015fii au dezlegare la pe\u015fte \u00a0 <\/strong><\/p>\n<p>Conform tradi\u0163iei populare, dac\u0103 ziua Intr\u0103rii Maicii Domnului va fi \u00eennorat\u0103, peste an vor fi epidemii. Dac\u0103 va ninge pe 21 noiembrie vom avea parte de o iarn\u0103 lung\u0103 \u015fi grea. \u201cSe crede c\u0103 de Ovidenie se deschid cerurile \u015fi c\u0103 acum, cei cu sufletul curat pot \u00een\u0163elege graiul animalelor. Tot acum e bine ca oamenii certa\u0163i s\u0103-\u015fi cear\u0103 iertare \u015fi s\u0103 se \u00eempace. Se mai spune c\u0103 de Ovidenie, ologii s-ar putea vindeca\u201d, spun speciali\u015ftii \u00een Etnografie \u015fi Folclor de la Muzeul Dun\u0103rii de Jos C\u0103l\u0103ra\u015fi.<\/p>\n<p>Pe 21 noiembrie, ortodoc\u015fii merg la biseric\u0103 la slujb\u0103 \u015fi cinstesc aceast\u0103 zi prin rug\u0103ciune \u015fi ofrande: bucate de post, pe\u015fte \u015fi lum\u00e2n\u0103ri pe care preo\u0163ii le sfin\u0163esc. To\u0163i cei care respect\u0103 aceast\u0103 s\u0103rb\u0103toare vor avea parte de s\u0103n\u0103tate, bucurii \u015fi reu\u015fite, iar \u00een anul urm\u0103tor vor avea hambarele pline \u015fi bel\u015fug \u00een gospod\u0103rie.<\/p>\n<p>\u00cen satele din B\u0103r\u0103gan \u00eenc\u0103 se mai p\u0103streaz\u0103 un obicei str\u0103vechi. \u00cen ajunul s\u0103rb\u0103torii, copiii pun crengu\u0163e de m\u0103r \u00eentr-un vas cu ap\u0103 \u00een care adaug\u0103 \u015fi agheasm\u0103. \u0162inute la c\u0103ldur\u0103 \u015fi lumin\u0103, p\u00e2n\u0103 la Anul Nou acestea \u00eenfloresc, iar copiii le folosesc drept sorcov\u0103.<\/p>\n<p><strong>Dus\u0103 de p\u0103rin\u0163ii s\u0103i, Ioachim \u015fi Ana, la templul evreiesc\u00a0<\/strong><\/p>\n<p>Intrarea \u00een biseric\u0103 a Maicii Domnului sau S\u0103rb\u0103toarea Luminii s-a \u0163inut, prima dat\u0103, \u00een secolul al VI-lea c\u00e2nd, l\u00e2ng\u0103 ruinele templului unde a crescut, a fost construit\u0103 o biserica \u00eenchinat\u0103 Fecioarei Maria. Praznicul \u00eemp\u0103r\u0103tesc al Intr\u0103rii \u00een Biseric\u0103 a Maicii Domnului este numit \u015fi Aducerea Maicii Domnului la Templu. Conform tradi\u0163iei, Fecioara Maria a fost dus\u0103 de p\u0103rin\u0163ii s\u0103i, Ioachim \u015fi Ana, la templul evreiesc din Ierusalim pe c\u00e2nd era copil\u0103, la v\u00e2rsta de 3 ani, unde a tr\u0103it \u015fi a slujit ca fecioar\u0103 \u00een templu p\u00e2n\u0103 la logodna ei cu Sf\u00e2ntul Iosif. Aici, la templu, Maria \u015fi-a petrecut \u00eentreaga copi\u0103arie, cresc\u00e2nd \u00een cur\u0103\u0163enie sufleteasc\u0103, rug\u00e2ndu-se ne\u00eencetat \u015fi citind Scriptura \u00eempreun\u0103 cu alte fecioare, v\u0103duve \u015fi preo\u0163i.<\/p>\n<p>Fecioara Maria a petrecut astfel, 12 ani, p\u00e2n\u0103 c\u00e2nd acela\u015fi Arhanghel Gavriil, care l-a anun\u0163at pe Ioachim c\u0103 va avea un copil care se va umple de Duhul Sf\u00e2nt, a vestit-o c\u0103-L va naste pe Iisus, Fiul Domnului. Ca s\u0103 r\u0103m\u00e2n\u0103 nep\u0103tat\u0103 \u00een fata lumii, Fecioara Maria p\u0103r\u0103sit templul \u015fi s-a logodit cu Iosif, martorul fecioriei ei \u015fi al miracolului divin al na\u015fterii pruncului Iisus.<\/p>\n<p>Sursa:adevarul<\/p>\n","protected":false},"excerpt":{"rendered":"<p>Intrarea Maicii Domnului \u00een Biseric\u0103, pr\u0103znuit\u0103 \u00een fiecare an pe 21 noiembrie, este considerat\u0103 a fi o zi magic\u0103 \u015fi<\/p>\n","protected":false},"author":1,"featured_media":43315,"comment_status":"closed","ping_status":"closed","sticky":false,"template":"","format":"standard","meta":{"spay_email":"","footnotes":"","jetpack_publicize_message":""},"categories":[6],"tags":[],"class_list":["post-43314","post","type-post","status-publish","format-standard","has-post-thumbnail","hentry","category-social"],"jetpack_featured_media_url":"https:\/\/i1.wp.com\/realitatearutiera.ro\/wp-content\/uploads\/2018\/11\/646x404-7.jpg?fit=646%2C404&ssl=1","jetpack_publicize_connections":[],"jetpack_sharing_enabled":true,"jetpack_shortlink":"https:\/\/wp.me\/p61naM-bgC","jetpack-related-posts":[],"_links":{"self":[{"href":"https:\/\/realitatearutiera.ro\/index.php?rest_route=\/wp\/v2\/posts\/43314","targetHints":{"allow":["GET"]}}],"collection":[{"href":"https:\/\/realitatearutiera.ro\/index.php?rest_route=\/wp\/v2\/posts"}],"about":[{"href":"https:\/\/realitatearutiera.ro\/index.php?rest_route=\/wp\/v2\/types\/post"}],"author":[{"embeddable":true,"href":"https:\/\/realitatearutiera.ro\/index.php?rest_route=\/wp\/v2\/users\/1"}],"replies":[{"embeddable":true,"href":"https:\/\/realitatearutiera.ro\/index.php?rest_route=%2Fwp%2Fv2%2Fcomments&post=43314"}],"version-history":[{"count":1,"href":"https:\/\/realitatearutiera.ro\/index.php?rest_route=\/wp\/v2\/posts\/43314\/revisions"}],"predecessor-version":[{"id":43316,"href":"https:\/\/realitatearutiera.ro\/index.php?rest_route=\/wp\/v2\/posts\/43314\/revisions\/43316"}],"wp:featuredmedia":[{"embeddable":true,"href":"https:\/\/realitatearutiera.ro\/index.php?rest_route=\/wp\/v2\/media\/43315"}],"wp:attachment":[{"href":"https:\/\/realitatearutiera.ro\/index.php?rest_route=%2Fwp%2Fv2%2Fmedia&parent=43314"}],"wp:term":[{"taxonomy":"category","embeddable":true,"href":"https:\/\/realitatearutiera.ro\/index.php?rest_route=%2Fwp%2Fv2%2Fcategories&post=43314"},{"taxonomy":"post_tag","embeddable":true,"href":"https:\/\/realitatearutiera.ro\/index.php?rest_route=%2Fwp%2Fv2%2Ftags&post=43314"}],"curies":[{"name":"wp","href":"https:\/\/api.w.org\/{rel}","templated":true}]}}