{"id":43320,"date":"2018-11-21T08:42:41","date_gmt":"2018-11-21T06:42:41","guid":{"rendered":"http:\/\/realitatearutiera.ro\/?p=43320"},"modified":"2018-11-21T08:42:41","modified_gmt":"2018-11-21T06:42:41","slug":"grav-accident-in-dolj","status":"publish","type":"post","link":"https:\/\/realitatearutiera.ro\/?p=43320","title":{"rendered":"GRAV accident \u00een Dolj"},"content":{"rendered":"<p>Un accident groaznic a avut loc \u00een Dolj, \u00een urma c\u0103ruia o femeie \u0219i doi copii de un an \u0219i doi ani au fost r\u0103ni\u021bi.<\/p>\n<p>Ma\u0219ina \u00een care se aflau s-a izbit de un cap de pod \u00een localitatea Teasc.<\/p>\n<p>\u0218oferul unui BMW a pierdut controlul volanului \u0219i a ajuns \u00eentr-un cap de pod. Acesta a r\u0103mas \u00eencarcerat, iar o femeie \u0219i doi copii au fost r\u0103ni\u021bi.<\/p>\n<div class=\"banner\">\n<div class=\"marginbottom20\">\n<div id=\"div-gpt-ad-1487770369933-2\" data-google-query-id=\"CIGi74Hw5N4CFTGF7Qod8M8Dwg\">\n<div id=\"div-gpt-ad-1487770369933-2_ad_container\">Potrivit primelor informa\u021bii, victimele sunt con\u0219tiente.<\/div>\n<\/div>\n<div><\/div>\n<div>Sursa:antena3<\/div>\n<\/div>\n<\/div>\n","protected":false},"excerpt":{"rendered":"<p>Un accident groaznic a avut loc \u00een Dolj, \u00een urma c\u0103ruia o femeie \u0219i doi copii de un an \u0219i<\/p>\n","protected":false},"author":1,"featured_media":43321,"comment_status":"closed","ping_status":"closed","sticky":false,"template":"","format":"standard","meta":{"spay_email":"","footnotes":"","jetpack_publicize_message":""},"categories":[1],"tags":[],"class_list":["post-43320","post","type-post","status-publish","format-standard","has-post-thumbnail","hentry","category-uncategorized"],"jetpack_featured_media_url":"https:\/\/i1.wp.com\/realitatearutiera.ro\/wp-content\/uploads\/2018\/11\/accident-465x390.jpg?fit=605%2C340&ssl=1","jetpack_publicize_connections":[],"jetpack_sharing_enabled":true,"jetpack_shortlink":"https:\/\/wp.me\/p61naM-bgI","jetpack-related-posts":[],"_links":{"self":[{"href":"https:\/\/realitatearutiera.ro\/index.php?rest_route=\/wp\/v2\/posts\/43320","targetHints":{"allow":["GET"]}}],"collection":[{"href":"https:\/\/realitatearutiera.ro\/index.php?rest_route=\/wp\/v2\/posts"}],"about":[{"href":"https:\/\/realitatearutiera.ro\/index.php?rest_route=\/wp\/v2\/types\/post"}],"author":[{"embeddable":true,"href":"https:\/\/realitatearutiera.ro\/index.php?rest_route=\/wp\/v2\/users\/1"}],"replies":[{"embeddable":true,"href":"https:\/\/realitatearutiera.ro\/index.php?rest_route=%2Fwp%2Fv2%2Fcomments&post=43320"}],"version-history":[{"count":1,"href":"https:\/\/realitatearutiera.ro\/index.php?rest_route=\/wp\/v2\/posts\/43320\/revisions"}],"predecessor-version":[{"id":43322,"href":"https:\/\/realitatearutiera.ro\/index.php?rest_route=\/wp\/v2\/posts\/43320\/revisions\/43322"}],"wp:featuredmedia":[{"embeddable":true,"href":"https:\/\/realitatearutiera.ro\/index.php?rest_route=\/wp\/v2\/media\/43321"}],"wp:attachment":[{"href":"https:\/\/realitatearutiera.ro\/index.php?rest_route=%2Fwp%2Fv2%2Fmedia&parent=43320"}],"wp:term":[{"taxonomy":"category","embeddable":true,"href":"https:\/\/realitatearutiera.ro\/index.php?rest_route=%2Fwp%2Fv2%2Fcategories&post=43320"},{"taxonomy":"post_tag","embeddable":true,"href":"https:\/\/realitatearutiera.ro\/index.php?rest_route=%2Fwp%2Fv2%2Ftags&post=43320"}],"curies":[{"name":"wp","href":"https:\/\/api.w.org\/{rel}","templated":true}]}}