{"id":43418,"date":"2018-11-23T15:09:48","date_gmt":"2018-11-23T13:09:48","guid":{"rendered":"http:\/\/realitatearutiera.ro\/?p=43418"},"modified":"2018-11-23T11:35:25","modified_gmt":"2018-11-23T09:35:25","slug":"semnificatii-istorice-pentru-ziua-de-23-noiembrie","status":"publish","type":"post","link":"https:\/\/realitatearutiera.ro\/?p=43418","title":{"rendered":"Semnifica\u0163ii istorice pentru ziua de 23 noiembrie"},"content":{"rendered":"<p>La data de 23 noiembrie 1940 generalul Ion Antonescu a semnat, la Berlin, aderarea Rom\u00e2niei la &#8220;Pactul Tripartit&#8221;, \u00eencheiat la 27 septembrie 1940 \u00eentre Germania, Italia \u015fi Japonia<\/p>\n<hr \/>\n<div id=\"article_text_content\">1710\u00a0&#8211; A \u00eenceput a doua domnie a lui Dimitrie Cantemir \u00een Moldova, care va dura p\u00e2n\u0103 \u00een iulie 1711.<\/p>\n<hr \/>\n<p>1864\u00a0&#8211; S\u2013a \u00eenfiin\u0163at la Bucure\u015fti Muzeul Na\u0163ional de Antichit\u0103\u0163i, av\u00e2nd \u00een colec\u0163ie piesele Tezaurului de la Pietroasa; muzeul a devenit din 1990 Institutul de Arheologie \u201eVasile P\u00e2rvan\u201d al Academiei Rom\u00e2ne.<\/p>\n<hr \/>\n<p>1887\u00a0&#8211; S\u2013a n\u0103scut actorul de teatru \u015fi film Boris Karloff, celebru prin interpret\u0103rile sale din filmele de groaz\u0103: \u201eFrankenstein\u201d, \u201eMr. Wong\u201d (m. 2 februarie 1969).<\/p>\n<hr \/>\n<p>1893\u00a0 &#8211; S\u2013a n\u0103scut Arthur Marx (zis Harpo), actor de film din genul burlesc: \u201cSup\u0103 de ra\u0163\u0103\u201d, \u201cO noapte la Casablanca\u201d (m. 28 septembrie 1964).<\/p>\n<hr \/>\n<p>1905\u00a0&#8211; S-a n\u0103scut criticul literar Petru Comarnescu, memorialist, traduc\u0103tor; autorul unor valoroase monografii de arti\u015fti rom\u00e2ni \u015fi str\u0103ini \u015fi ini\u0163iatorul grup\u0103rii &#8220;Criterion&#8221; din care f\u0103ceau parte M. Eliade, M. Vulc\u0103nescu, C. Noica (m. 27 noiembrie 1970).<\/p>\n<hr \/>\n<p>1905\u00a0&#8211; S-a n\u0103scut actorul Nicolae Sireteanu: &#8220;Pas\u0103rea furtunii&#8221;, &#8220;R\u0103sun\u0103 valea&#8221;, &#8220;Pisica de mare&#8221; (m. 1963).<\/p>\n<hr \/>\n<p>1923\u00a0&#8211; A \u00eencetat din via\u0163\u0103 scriitorul Urmuz (Demetru Demetrescu-Buz\u0103u), considerat precursor al suprarealismului (n.17 martie 1883).<\/p>\n<hr \/>\n<p>1976\u00a0&#8211; A \u00eencetat din via\u0163\u0103 scriitorul francez Andr\u00e9 Malraux: &#8220;Condi\u0163ia uman\u0103&#8221; (n. 3 noiembrie 1901).<\/p>\n<hr \/>\n<p>1997\u00a0&#8211; Rom\u00e2nia \u015fi Ungaria au fost admise \u00een Consiliul Uniunii Europene ca membre cu drepturi \u015fi obliga\u0163ii depline \u00een domeniul educa\u0163iei, instruirii \u015fi tineretului.<\/p>\n<hr \/>\n<p>2002\u00a0&#8211;\u00a0 A avut loc vizita pre\u015fedintelui SUA, George W. Bush, la Bucure\u015fti. Pre\u015fedintele Bush \u015fi-a \u00eenceput discursul rostit \u00een fa\u0163a mul\u0163imii adunate, \u00een Pia\u0163a Revolu\u0163iei, adres\u00e2nd Rom\u00e2niei invita\u0163ia de a adera la NATO \u015fi ur\u00e2ndu-i bun venit \u00een Alian\u0163\u0103. &#8220;Cu m\u00e2ndrie v\u0103 invit\u0103m s\u0103 adera\u0163i la NATO, aceast\u0103 m\u0103rea\u0163\u0103 alian\u0163\u0103 a libert\u0103\u0163ii. (&#8230;) Ur\u0103m bun venit Rom\u00e2niei \u00een NATO&#8221;, a afirmat \u015feful administra\u0163iei SUA, ad\u0103ug\u00e2nd c\u0103 alian\u0163a dintre Rom\u00e2nia \u015fi SUA va fi una de durat\u0103.<\/p>\n<hr \/>\n<p>2006\u00a0&#8211; A decedat fostul spion rus Aleksandr Litvinenko, dup\u0103 ce a fost otr\u0103vit cu poloniu.<\/p>\n<hr \/>\n<p>2011\u00a0\u00a0\u00a0 &#8211; A \u00eencetat din via\u0163\u0103 soprana catalan\u0103 Montserrat Figueras, a participat la \u00eenfiin\u0163area ansamblurilor Hesperion XX, La Capella Reial de Catalunia \u015fi Le Concert des Nations; a primit marele premiu decernat de Nouvelle Acad\u00e9mie du Disque \u015fi de Acad\u00e9mie Charles-Cros; a fost desemnat\u0103 &#8220;Artist pentru Pace&#8221;, al\u0103turi de Jordi Savall (n. 15 martie 1942)Sursa:mediafax<\/p><\/div>\n","protected":false},"excerpt":{"rendered":"<p>La data de 23 noiembrie 1940 generalul Ion Antonescu a semnat, la Berlin, aderarea Rom\u00e2niei la &#8220;Pactul Tripartit&#8221;, \u00eencheiat la<\/p>\n","protected":false},"author":1,"featured_media":43420,"comment_status":"closed","ping_status":"closed","sticky":false,"template":"","format":"standard","meta":{"spay_email":"","footnotes":"","jetpack_publicize_message":""},"categories":[6],"tags":[],"class_list":["post-43418","post","type-post","status-publish","format-standard","has-post-thumbnail","hentry","category-social"],"jetpack_featured_media_url":"https:\/\/i0.wp.com\/realitatearutiera.ro\/wp-content\/uploads\/2018\/11\/ion-antonescu-afp.jpg?fit=560%2C420&ssl=1","jetpack_publicize_connections":[],"jetpack_sharing_enabled":true,"jetpack_shortlink":"https:\/\/wp.me\/p61naM-bii","jetpack-related-posts":[],"_links":{"self":[{"href":"https:\/\/realitatearutiera.ro\/index.php?rest_route=\/wp\/v2\/posts\/43418","targetHints":{"allow":["GET"]}}],"collection":[{"href":"https:\/\/realitatearutiera.ro\/index.php?rest_route=\/wp\/v2\/posts"}],"about":[{"href":"https:\/\/realitatearutiera.ro\/index.php?rest_route=\/wp\/v2\/types\/post"}],"author":[{"embeddable":true,"href":"https:\/\/realitatearutiera.ro\/index.php?rest_route=\/wp\/v2\/users\/1"}],"replies":[{"embeddable":true,"href":"https:\/\/realitatearutiera.ro\/index.php?rest_route=%2Fwp%2Fv2%2Fcomments&post=43418"}],"version-history":[{"count":3,"href":"https:\/\/realitatearutiera.ro\/index.php?rest_route=\/wp\/v2\/posts\/43418\/revisions"}],"predecessor-version":[{"id":43480,"href":"https:\/\/realitatearutiera.ro\/index.php?rest_route=\/wp\/v2\/posts\/43418\/revisions\/43480"}],"wp:featuredmedia":[{"embeddable":true,"href":"https:\/\/realitatearutiera.ro\/index.php?rest_route=\/wp\/v2\/media\/43420"}],"wp:attachment":[{"href":"https:\/\/realitatearutiera.ro\/index.php?rest_route=%2Fwp%2Fv2%2Fmedia&parent=43418"}],"wp:term":[{"taxonomy":"category","embeddable":true,"href":"https:\/\/realitatearutiera.ro\/index.php?rest_route=%2Fwp%2Fv2%2Fcategories&post=43418"},{"taxonomy":"post_tag","embeddable":true,"href":"https:\/\/realitatearutiera.ro\/index.php?rest_route=%2Fwp%2Fv2%2Ftags&post=43418"}],"curies":[{"name":"wp","href":"https:\/\/api.w.org\/{rel}","templated":true}]}}