{"id":4355,"date":"2015-09-10T08:42:31","date_gmt":"2015-09-10T05:42:31","guid":{"rendered":"http:\/\/realitatearutiera.ro\/?p=4355"},"modified":"2015-09-10T08:42:31","modified_gmt":"2015-09-10T05:42:31","slug":"accident-rutier-cu-5-raniti-dupa-ce-un-tanar-beat-a-intrat-intr-un-copac-in-suceava","status":"publish","type":"post","link":"https:\/\/realitatearutiera.ro\/?p=4355","title":{"rendered":"Accident rutier cu 5 raniti dupa ce un tanar beat a intrat intr-un copac in Suceava!"},"content":{"rendered":"<p><b>Cinci tineri au fost r\u0103ni\u0163i \u00eentr-un accident produs, miercuri, \u00een municipiul Suceava, dup\u0103 ce autoturismul condus de unul dintre ei, care era b\u0103ut, a ie\u015fit de pe \u015fosea \u015fi s-a izbit de un copac, transmite corespondentul MEDIAFAX.<\/b><\/p>\n<p>Potrivit Poli\u0163iei Jude\u0163ene Suceava, accidentul a avut loc miercuri diminea\u0163\u0103, pe Calea Unirii din Suceava, dup\u0103 ce un t\u00e2n\u0103r de 21 de ani din municipiu a pierdut controlul asupra autoturismului pe care \u00eel conducea, ma\u015fina ie\u015find de pe \u015fosea \u015fi izbindu-se de un copac.<\/p>\n<p><strong>\u00cen urma impactului, \u015foferul \u015fi patru pasageri din ma\u015fin\u0103, dou\u0103 tinere \u015fi doi tineri, cu v\u00e2rste \u00eentre 18 \u015fi 20 de ani, au fost r\u0103ni\u0163i \u015fi au fost transporta\u0163i la spital pentru acordarea de \u00eengrijiri medicale.<\/strong><\/p>\n<p>\u015eoferul a fost testat cu aparatul etilotest, rezultatul fiind de 0,60 miligrame\/litru alcool pur \u00een aerul expirat, iar la spital i s-au recoltat mostre biologice \u00een vederea stabilirii alcoolemiei.<\/p>\n<p>&nbsp;<\/p>\n","protected":false},"excerpt":{"rendered":"<p>Cinci tineri au fost r\u0103ni\u0163i \u00eentr-un accident produs, miercuri, \u00een municipiul Suceava, dup\u0103 ce autoturismul condus de unul dintre ei,<\/p>\n","protected":false},"author":1,"featured_media":2932,"comment_status":"open","ping_status":"open","sticky":false,"template":"","format":"standard","meta":{"spay_email":"","footnotes":"","jetpack_publicize_message":""},"categories":[1],"tags":[],"class_list":["post-4355","post","type-post","status-publish","format-standard","has-post-thumbnail","hentry","category-uncategorized"],"jetpack_featured_media_url":"https:\/\/i0.wp.com\/realitatearutiera.ro\/wp-content\/uploads\/2015\/07\/argesaccidentDUM.jpg?fit=630%2C419&ssl=1","jetpack_publicize_connections":[],"jetpack_sharing_enabled":true,"jetpack_shortlink":"https:\/\/wp.me\/p61naM-18f","jetpack-related-posts":[],"_links":{"self":[{"href":"https:\/\/realitatearutiera.ro\/index.php?rest_route=\/wp\/v2\/posts\/4355","targetHints":{"allow":["GET"]}}],"collection":[{"href":"https:\/\/realitatearutiera.ro\/index.php?rest_route=\/wp\/v2\/posts"}],"about":[{"href":"https:\/\/realitatearutiera.ro\/index.php?rest_route=\/wp\/v2\/types\/post"}],"author":[{"embeddable":true,"href":"https:\/\/realitatearutiera.ro\/index.php?rest_route=\/wp\/v2\/users\/1"}],"replies":[{"embeddable":true,"href":"https:\/\/realitatearutiera.ro\/index.php?rest_route=%2Fwp%2Fv2%2Fcomments&post=4355"}],"version-history":[{"count":2,"href":"https:\/\/realitatearutiera.ro\/index.php?rest_route=\/wp\/v2\/posts\/4355\/revisions"}],"predecessor-version":[{"id":4357,"href":"https:\/\/realitatearutiera.ro\/index.php?rest_route=\/wp\/v2\/posts\/4355\/revisions\/4357"}],"wp:featuredmedia":[{"embeddable":true,"href":"https:\/\/realitatearutiera.ro\/index.php?rest_route=\/wp\/v2\/media\/2932"}],"wp:attachment":[{"href":"https:\/\/realitatearutiera.ro\/index.php?rest_route=%2Fwp%2Fv2%2Fmedia&parent=4355"}],"wp:term":[{"taxonomy":"category","embeddable":true,"href":"https:\/\/realitatearutiera.ro\/index.php?rest_route=%2Fwp%2Fv2%2Fcategories&post=4355"},{"taxonomy":"post_tag","embeddable":true,"href":"https:\/\/realitatearutiera.ro\/index.php?rest_route=%2Fwp%2Fv2%2Ftags&post=4355"}],"curies":[{"name":"wp","href":"https:\/\/api.w.org\/{rel}","templated":true}]}}