{"id":4370,"date":"2015-09-10T11:17:19","date_gmt":"2015-09-10T08:17:19","guid":{"rendered":"http:\/\/realitatearutiera.ro\/?p=4370"},"modified":"2015-09-10T11:17:19","modified_gmt":"2015-09-10T08:17:19","slug":"soferita-accidentata-in-suceava-de-un-tanar-care-nu-a-acordat-prioritate","status":"publish","type":"post","link":"https:\/\/realitatearutiera.ro\/?p=4370","title":{"rendered":"Soferita accidentata in Suceava de un tanar care nu a acordat prioritate!"},"content":{"rendered":"<p>Mar\u021bi, \u00een timp ce conducea autoturismul pe DN 2, din direc\u0163ia Siret spre Suceava, un t\u00e2n\u0103r de 22 de ani, din comuna Gr\u0103nice\u015fti, a efectuat viraj la st\u00e2nga pentru a intra pe drumul ce face leg\u0103tura cu satul D\u0103nila \u015fi nu a acordat prioritate autoturismului\u00a0 condus de o femeie de 48 de ani, din municipiul Suceava, care circula din sens opus \u015fi care, pentru a evita impactul, a virat dreapta \u015fi a intrat \u00een \u015fan\u0163, unde s-a izbit de un mal de p\u0103m\u00e2nt.<\/p>\n<p>Din impact a rezultat v\u0103t\u0103marea corporal\u0103 u\u015foar\u0103 a conduc\u0103toarei auto de 48 de ani, care a fost transportat\u0103 la spital pentru acordarea de \u00eengrijiri medicale \u0219i nu a r\u0103mas internat\u0103.<br \/>\nCei doi conduc\u0103tori auto au fost testa\u0163i cu aparatul etilotest, rezultatul fiind negativ, dup\u0103 care, la spital, li s-au recoltate probe biologice \u00een vederea stabilirii alcoolemiei.<\/p>\n","protected":false},"excerpt":{"rendered":"<p>Mar\u021bi, \u00een timp ce conducea autoturismul pe DN 2, din direc\u0163ia Siret spre Suceava, un t\u00e2n\u0103r de 22 de ani,<\/p>\n","protected":false},"author":1,"featured_media":2861,"comment_status":"open","ping_status":"open","sticky":false,"template":"","format":"standard","meta":{"spay_email":"","footnotes":"","jetpack_publicize_message":""},"categories":[1],"tags":[],"class_list":["post-4370","post","type-post","status-publish","format-standard","has-post-thumbnail","hentry","category-uncategorized"],"jetpack_featured_media_url":"https:\/\/i0.wp.com\/realitatearutiera.ro\/wp-content\/uploads\/2015\/07\/bistrita-un-tanar-de-26-de-ani-a-murit-dupa-ce-a-pierdut-controlul-volanului-video-149476.jpg?fit=350%2C175&ssl=1","jetpack_publicize_connections":[],"jetpack_sharing_enabled":true,"jetpack_shortlink":"https:\/\/wp.me\/p61naM-18u","jetpack-related-posts":[],"_links":{"self":[{"href":"https:\/\/realitatearutiera.ro\/index.php?rest_route=\/wp\/v2\/posts\/4370","targetHints":{"allow":["GET"]}}],"collection":[{"href":"https:\/\/realitatearutiera.ro\/index.php?rest_route=\/wp\/v2\/posts"}],"about":[{"href":"https:\/\/realitatearutiera.ro\/index.php?rest_route=\/wp\/v2\/types\/post"}],"author":[{"embeddable":true,"href":"https:\/\/realitatearutiera.ro\/index.php?rest_route=\/wp\/v2\/users\/1"}],"replies":[{"embeddable":true,"href":"https:\/\/realitatearutiera.ro\/index.php?rest_route=%2Fwp%2Fv2%2Fcomments&post=4370"}],"version-history":[{"count":1,"href":"https:\/\/realitatearutiera.ro\/index.php?rest_route=\/wp\/v2\/posts\/4370\/revisions"}],"predecessor-version":[{"id":4371,"href":"https:\/\/realitatearutiera.ro\/index.php?rest_route=\/wp\/v2\/posts\/4370\/revisions\/4371"}],"wp:featuredmedia":[{"embeddable":true,"href":"https:\/\/realitatearutiera.ro\/index.php?rest_route=\/wp\/v2\/media\/2861"}],"wp:attachment":[{"href":"https:\/\/realitatearutiera.ro\/index.php?rest_route=%2Fwp%2Fv2%2Fmedia&parent=4370"}],"wp:term":[{"taxonomy":"category","embeddable":true,"href":"https:\/\/realitatearutiera.ro\/index.php?rest_route=%2Fwp%2Fv2%2Fcategories&post=4370"},{"taxonomy":"post_tag","embeddable":true,"href":"https:\/\/realitatearutiera.ro\/index.php?rest_route=%2Fwp%2Fv2%2Ftags&post=4370"}],"curies":[{"name":"wp","href":"https:\/\/api.w.org\/{rel}","templated":true}]}}