{"id":44007,"date":"2018-12-06T08:43:33","date_gmt":"2018-12-06T06:43:33","guid":{"rendered":"http:\/\/realitatearutiera.ro\/?p=44007"},"modified":"2018-12-06T08:43:33","modified_gmt":"2018-12-06T06:43:33","slug":"vine-un-frig-naprasnic-anunt-ingrijorator-de-la-meteorologi","status":"publish","type":"post","link":"https:\/\/realitatearutiera.ro\/?p=44007","title":{"rendered":"Vine un frig n\u0103prasnic! Anun\u021b \u00eengrijor\u0103tor de la meteorologi!"},"content":{"rendered":"<p>De Mo\u0219 Nicolae, pe 6 decembrie, vremea va fi rece, geroas\u00e3 noaptea mai ales \u00een centrul \u015fi \u00een nordul \u0163\u00e3rii. Prognoza meteo anun\u0163\u0103 temperaturi chiar \u015fi de minus 16 grade \u00een cursul nop\u0163ii. \u00cen Bucure\u015fti, ziua, vor fi maximum 3 grade Celsius.<\/p>\n<p>Joi, 6 decembrie, cerul va fi variabil \u00een cea mai mare parte a \u0163\u0103rii, doar \u00een vest \u015fi \u00een sud-vest urm\u00e2nd s\u0103 ap\u0103ra unele \u00eennor\u0103ri temporare. Local \u00een Banat, \u00een Cri\u015fana \u015fi \u00een nordul Olteniei va plou\u0103 slab. V\u00e2ntul va sufl\u0103 slab \u00een cea mai mare parte a \u0163\u0103rii, cel mult slab p\u00e2n\u0103 la moderat \u00een nordul Moldovei. Maximele termice vor urc\u0103 la pr\u00e2nz p\u00e2n\u0103 spre 1-6 grade \u00een Transilvania, Maramure\u015f, Banat, Cri\u015fana, Oltenia, Muntenia \u015fi Dobrogea \u015fi -1\u20264 grade \u00een Moldova.<\/p>\n<p>Vremea \u00een Bucure\u015fti va fi rece, \u00een special \u00een cursul nop\u0163ii. Temperatura maxim\u00e3 va fi de 2\u20263 grade, iar cea minim\u00e3 de -7\u2026-6 grade. Cerul va fi variabil, temporar cu nebulozitate joas\u00e3 sau cea\u0163\u00e3. V\u00e2ntul va sufla slab p\u00e2n\u00e3 la moderat.<\/p>\n<p>La munte vremea de joi se anun\u0163\u0103 deosebit de rece, cu cer \u00eenchis \u015fi temperaturi sc\u0103zute. Se preconizeaz\u0103 a fi cea mai friguroas\u0103 noapte din s\u0103pt\u0103m\u00e2n\u0103, cu temperaturi minime de &#8211; 11 grade Celsius. Maximele din timpul zilei nu vor dep\u0103\u015fi\u00a0\u00a0-1\u00b0C. Vineri \u015fi \u00een weekend, vremea la munte se mai amelioreaz\u0103, iar temperaturile mai cresc u\u015for cu c\u00e2teva grade. Sunt semnalate lapovi\u0163\u0103 \u015fi ninsori \u00een nopatea de s\u00e2mb\u0103t\u0103 spre duminic\u0103.<\/p>\n<p>sursa: capital.ro<\/p>\n","protected":false},"excerpt":{"rendered":"<p>De Mo\u0219 Nicolae, pe 6 decembrie, vremea va fi rece, geroas\u00e3 noaptea mai ales \u00een centrul \u015fi \u00een nordul \u0163\u00e3rii.<\/p>\n","protected":false},"author":1,"featured_media":44008,"comment_status":"closed","ping_status":"closed","sticky":false,"template":"","format":"standard","meta":{"spay_email":"","footnotes":"","jetpack_publicize_message":""},"categories":[6],"tags":[],"class_list":["post-44007","post","type-post","status-publish","format-standard","has-post-thumbnail","hentry","category-social"],"jetpack_featured_media_url":"https:\/\/i0.wp.com\/realitatearutiera.ro\/wp-content\/uploads\/2018\/12\/iarna.jpg?fit=670%2C503&ssl=1","jetpack_publicize_connections":[],"jetpack_sharing_enabled":true,"jetpack_shortlink":"https:\/\/wp.me\/p61naM-brN","jetpack-related-posts":[],"_links":{"self":[{"href":"https:\/\/realitatearutiera.ro\/index.php?rest_route=\/wp\/v2\/posts\/44007","targetHints":{"allow":["GET"]}}],"collection":[{"href":"https:\/\/realitatearutiera.ro\/index.php?rest_route=\/wp\/v2\/posts"}],"about":[{"href":"https:\/\/realitatearutiera.ro\/index.php?rest_route=\/wp\/v2\/types\/post"}],"author":[{"embeddable":true,"href":"https:\/\/realitatearutiera.ro\/index.php?rest_route=\/wp\/v2\/users\/1"}],"replies":[{"embeddable":true,"href":"https:\/\/realitatearutiera.ro\/index.php?rest_route=%2Fwp%2Fv2%2Fcomments&post=44007"}],"version-history":[{"count":1,"href":"https:\/\/realitatearutiera.ro\/index.php?rest_route=\/wp\/v2\/posts\/44007\/revisions"}],"predecessor-version":[{"id":44009,"href":"https:\/\/realitatearutiera.ro\/index.php?rest_route=\/wp\/v2\/posts\/44007\/revisions\/44009"}],"wp:featuredmedia":[{"embeddable":true,"href":"https:\/\/realitatearutiera.ro\/index.php?rest_route=\/wp\/v2\/media\/44008"}],"wp:attachment":[{"href":"https:\/\/realitatearutiera.ro\/index.php?rest_route=%2Fwp%2Fv2%2Fmedia&parent=44007"}],"wp:term":[{"taxonomy":"category","embeddable":true,"href":"https:\/\/realitatearutiera.ro\/index.php?rest_route=%2Fwp%2Fv2%2Fcategories&post=44007"},{"taxonomy":"post_tag","embeddable":true,"href":"https:\/\/realitatearutiera.ro\/index.php?rest_route=%2Fwp%2Fv2%2Ftags&post=44007"}],"curies":[{"name":"wp","href":"https:\/\/api.w.org\/{rel}","templated":true}]}}