{"id":44010,"date":"2018-12-06T08:48:41","date_gmt":"2018-12-06T06:48:41","guid":{"rendered":"http:\/\/realitatearutiera.ro\/?p=44010"},"modified":"2018-12-06T08:48:41","modified_gmt":"2018-12-06T06:48:41","slug":"halucinant-ce-i-a-facut-o-educatoare-unui-baietel-parintii-au-depus-plangere-penala-detalii-cutremuratoare","status":"publish","type":"post","link":"https:\/\/realitatearutiera.ro\/?p=44010","title":{"rendered":"HALUCINANT. Ce i-a f\u0103cut o educatoare unui b\u0103ie\u021bel. P\u0103rin\u021bii au depus pl\u00e2ngere penal\u0103. Detalii cutremur\u0103toare"},"content":{"rendered":"<p>P\u0103rin\u021bii unui b\u0103iat de trei ani au depus pl\u00e2ngere la Parchetul de pe l\u00e2ng\u0103 Judec\u0103toria Foc\u0219ani, acuz\u00e2nd o educatoare de la gr\u0103dini\u021ba la care a fost p\u00e2n\u0103 acum copilul c\u0103 l-a lovit, l-a str\u00e2ns de g\u00e2t \u0219i l-a amenin\u021bat c\u0103 \u00eel duce \u00een \u201dgrupa pl\u00e2ng\u0103cio\u0219ilor\u201d \u0219i c\u0103-l \u00eenchide cu cheia \u00een buc\u0103t\u0103rie.<\/p>\n<p>Tat\u0103l copilului a povestit c\u0103 a descoperit mai multe v\u00e2n\u0103t\u0103i pe g\u00e2tul copilului \u0219i a cerut explica\u021bii angaja\u021bilor gr\u0103dini\u021bei frecventate de b\u0103iat. Educatoarele au sus\u021binut c\u0103 v\u00e2n\u0103t\u0103ile au ap\u0103rut din cauza copilului care s-a lovit \u00een momentul \u00een care a intrat sub o mas\u0103. Copilul \u00eens\u0103 le-a spus p\u0103rin\u021bilor c\u0103 una dintre educatoare l-a str\u00e2ns de organele genitale \u0219i de g\u00e2t deoarece \u201da fost obraznic\u201d \u0219i nu a mera la baie \u00eenainte de somnul de la pr\u00e2nz.<\/p>\n<p>De\u0219i educatoarea respinge acuza\u021biile, p\u0103rin\u021bii au depus pl\u00e2ngere la Parchetul de pe l\u00e2ng\u0103 Judec\u0103toria Foc\u0219ani.<\/p>\n<p>\u201eJoi s-a \u00eent\u00e2mplat evenimentul. La ora 15.00 so\u021bul l-a luat de la gr\u0103dini\u021b\u0103, copilul era lovit la g\u00e2t, cele trei urme sunt vizibile. Am \u00eentrebat ce s-a \u00eent\u00e2mplat. Copilul mi-a spus c\u0103 &#8230;pentru c\u0103 a fost obraznic. \u0102sta este r\u0103spunsul lui\u201d, a declarat presei Alexandra Voicu, mama copilului.<\/p>\n<p>P\u0103rin\u021bii spun c\u0103 ce la incident \u00eencoace copilul are problema cu mersul la toalet\u0103.<\/p>\n<p>\u201dCopilul este traumatizat, a avut trei nop\u021bi \u00een care a pl\u00e2ns \u0219i nu a dormit, nu am vrut s\u0103 ajungem aici. Copilul este acum la o gr\u0103dini\u021b\u0103 privat\u0103, suntem dezam\u0103gi\u021bi de institu\u021biile de stat\u201d, a spus Alexandra Voicu.<\/p>\n<p>P\u0103rin\u021bii au decis s\u0103 apeleze la un psiholog.<\/p>\n<p>Reprezentan\u021bii gr\u0103dini\u021bei au declan\u0219at o anchet\u0103 pentru a afla ce a p\u0103\u021bit copilul de trei ani.<\/p>\n<p>\u201eS\u0103 l\u0103s\u0103m Parchetul s\u0103-\u0219i fac\u0103 treaba. Exist\u0103 o sesizare, \u00een termen de 30 de zile sau 45, depinde de gravitatea faptei, se va lua o hot\u0103r\u00e2re. Doamna educatoare are testarea psihologic\u0103, ultima f\u0103cut\u0103 \u00een septembrie, ea vine \u00een continuare la gr\u0103dini\u021b\u0103. Nu pot eu s\u0103 m\u0103 pronun\u021b pentru c\u0103 fiecare cuv\u00e2nt se interpreteaz\u0103. Se face o inspec\u021bie \u00een unitate, exist\u0103 o comisie de etic\u0103 \u0219i va analiza cazul. \u00cenv\u0103\u021b\u0103toarea este aici din septembrie, este calificat\u0103\u201d, a declarat presei educatoarea coordonatoare la Gr\u0103dini\u021ba nr. 15, M\u0103rioara Cherciu.<\/p>\n<p>Cazul a fost preluat de un procuror de la Parchetul de pe l\u00e2ng\u0103 Judec\u0103toria Foc\u0219ani.<\/p>\n<p>sursa: reporterntv.ro<\/p>\n","protected":false},"excerpt":{"rendered":"<p>P\u0103rin\u021bii unui b\u0103iat de trei ani au depus pl\u00e2ngere la Parchetul de pe l\u00e2ng\u0103 Judec\u0103toria Foc\u0219ani, acuz\u00e2nd o educatoare de<\/p>\n","protected":false},"author":1,"featured_media":29529,"comment_status":"closed","ping_status":"closed","sticky":false,"template":"","format":"standard","meta":{"spay_email":"","footnotes":"","jetpack_publicize_message":""},"categories":[6],"tags":[],"class_list":["post-44010","post","type-post","status-publish","format-standard","has-post-thumbnail","hentry","category-social"],"jetpack_featured_media_url":"https:\/\/i1.wp.com\/realitatearutiera.ro\/wp-content\/uploads\/2017\/11\/copil.jpg?fit=652%2C365&ssl=1","jetpack_publicize_connections":[],"jetpack_sharing_enabled":true,"jetpack_shortlink":"https:\/\/wp.me\/p61naM-brQ","jetpack-related-posts":[],"_links":{"self":[{"href":"https:\/\/realitatearutiera.ro\/index.php?rest_route=\/wp\/v2\/posts\/44010","targetHints":{"allow":["GET"]}}],"collection":[{"href":"https:\/\/realitatearutiera.ro\/index.php?rest_route=\/wp\/v2\/posts"}],"about":[{"href":"https:\/\/realitatearutiera.ro\/index.php?rest_route=\/wp\/v2\/types\/post"}],"author":[{"embeddable":true,"href":"https:\/\/realitatearutiera.ro\/index.php?rest_route=\/wp\/v2\/users\/1"}],"replies":[{"embeddable":true,"href":"https:\/\/realitatearutiera.ro\/index.php?rest_route=%2Fwp%2Fv2%2Fcomments&post=44010"}],"version-history":[{"count":1,"href":"https:\/\/realitatearutiera.ro\/index.php?rest_route=\/wp\/v2\/posts\/44010\/revisions"}],"predecessor-version":[{"id":44011,"href":"https:\/\/realitatearutiera.ro\/index.php?rest_route=\/wp\/v2\/posts\/44010\/revisions\/44011"}],"wp:featuredmedia":[{"embeddable":true,"href":"https:\/\/realitatearutiera.ro\/index.php?rest_route=\/wp\/v2\/media\/29529"}],"wp:attachment":[{"href":"https:\/\/realitatearutiera.ro\/index.php?rest_route=%2Fwp%2Fv2%2Fmedia&parent=44010"}],"wp:term":[{"taxonomy":"category","embeddable":true,"href":"https:\/\/realitatearutiera.ro\/index.php?rest_route=%2Fwp%2Fv2%2Fcategories&post=44010"},{"taxonomy":"post_tag","embeddable":true,"href":"https:\/\/realitatearutiera.ro\/index.php?rest_route=%2Fwp%2Fv2%2Ftags&post=44010"}],"curies":[{"name":"wp","href":"https:\/\/api.w.org\/{rel}","templated":true}]}}