{"id":44112,"date":"2018-12-10T08:37:07","date_gmt":"2018-12-10T06:37:07","guid":{"rendered":"http:\/\/realitatearutiera.ro\/?p=44112"},"modified":"2018-12-10T08:37:13","modified_gmt":"2018-12-10T06:37:13","slug":"o-romanca-de-15-ani-ucisa-in-germania","status":"publish","type":"post","link":"https:\/\/realitatearutiera.ro\/?p=44112","title":{"rendered":"O rom\u00e2nc\u0103 de 15 ani, ucis\u0103 \u00een Germania."},"content":{"rendered":"\n<p>O t\u00e2n\u0103r\u0103 rom\u00e2nc\u0103 de 15 ani a fost ucis\u0103 de fostul ei iubit, \u00een Germania, iar acesta a anun\u021bat crima pe Facebook.&nbsp;<\/p>\n\n\n\n<p>Cei doi adolescen\u021bi avuseser\u0103 o rela\u021bie, iar Iulia fusese cea care a luat decizia desp\u0103r\u021birii. Fostul ei iubit bulgar, \u00een v\u00e2rst\u0103 de 17 ani, a \u00eenjunghiat-o mortal cu un cu\u021bit de \u0219ase ori, iar t\u00e2n\u0103ra a fost g\u0103sit\u0103 de medici moart\u0103 \u00een parc, potrivit&nbsp;<a href=\"https:\/\/www.bild.de\/\" target=\"_blank\" rel=\"noreferrer noopener\">Bild<\/a>.&nbsp;<\/p>\n\n\n\n<p>Iulia \u0219i Matyu au fost \u00eempreun\u0103 timp de doi ani, p\u00e2n\u0103 c\u00e2nd fata a vrut s\u0103 renun\u021be la rela\u021bie din cauz\u0103 c\u0103 adolescentul avea probleme cu drogurile.&nbsp;<\/p>\n\n\n\n<figure><iframe width=\"300\" height=\"250\"><\/iframe><\/figure>\n\n\n\n<p>Se pare c\u0103 t\u00e2n\u0103rul, dup\u0103 ce s-au desp\u0103r\u021bit, a \u00eenceput s\u0103 o amenin\u021be cu moartea. &#8220;Dac\u0103 \u00ee\u015fi face un nou iubit, o omor!&#8221;, a povestit un prieten comun al celor doi.\u00a0<\/p>\n\n\n\n<p>Sursa:antena3<br>\u00a0<\/p>\n","protected":false},"excerpt":{"rendered":"<p>O t\u00e2n\u0103r\u0103 rom\u00e2nc\u0103 de 15 ani a fost ucis\u0103 de fostul ei iubit, \u00een Germania, iar acesta a anun\u021bat crima<\/p>\n","protected":false},"author":1,"featured_media":44113,"comment_status":"closed","ping_status":"closed","sticky":false,"template":"","format":"standard","meta":{"spay_email":"","footnotes":"","jetpack_publicize_message":""},"categories":[6],"tags":[],"class_list":["post-44112","post","type-post","status-publish","format-standard","has-post-thumbnail","hentry","category-social"],"jetpack_featured_media_url":"https:\/\/i2.wp.com\/realitatearutiera.ro\/wp-content\/uploads\/2018\/12\/o-romanca-de-15-ani-ucisa-in-germania-fostul-iubit-al-victimei-a-anuntat-crima-pe-facebook-565687.jpg?fit=404%2C227&ssl=1","jetpack_publicize_connections":[],"jetpack_sharing_enabled":true,"jetpack_shortlink":"https:\/\/wp.me\/p61naM-btu","jetpack-related-posts":[],"_links":{"self":[{"href":"https:\/\/realitatearutiera.ro\/index.php?rest_route=\/wp\/v2\/posts\/44112","targetHints":{"allow":["GET"]}}],"collection":[{"href":"https:\/\/realitatearutiera.ro\/index.php?rest_route=\/wp\/v2\/posts"}],"about":[{"href":"https:\/\/realitatearutiera.ro\/index.php?rest_route=\/wp\/v2\/types\/post"}],"author":[{"embeddable":true,"href":"https:\/\/realitatearutiera.ro\/index.php?rest_route=\/wp\/v2\/users\/1"}],"replies":[{"embeddable":true,"href":"https:\/\/realitatearutiera.ro\/index.php?rest_route=%2Fwp%2Fv2%2Fcomments&post=44112"}],"version-history":[{"count":1,"href":"https:\/\/realitatearutiera.ro\/index.php?rest_route=\/wp\/v2\/posts\/44112\/revisions"}],"predecessor-version":[{"id":44114,"href":"https:\/\/realitatearutiera.ro\/index.php?rest_route=\/wp\/v2\/posts\/44112\/revisions\/44114"}],"wp:featuredmedia":[{"embeddable":true,"href":"https:\/\/realitatearutiera.ro\/index.php?rest_route=\/wp\/v2\/media\/44113"}],"wp:attachment":[{"href":"https:\/\/realitatearutiera.ro\/index.php?rest_route=%2Fwp%2Fv2%2Fmedia&parent=44112"}],"wp:term":[{"taxonomy":"category","embeddable":true,"href":"https:\/\/realitatearutiera.ro\/index.php?rest_route=%2Fwp%2Fv2%2Fcategories&post=44112"},{"taxonomy":"post_tag","embeddable":true,"href":"https:\/\/realitatearutiera.ro\/index.php?rest_route=%2Fwp%2Fv2%2Ftags&post=44112"}],"curies":[{"name":"wp","href":"https:\/\/api.w.org\/{rel}","templated":true}]}}