{"id":44855,"date":"2019-01-03T08:59:29","date_gmt":"2019-01-03T06:59:29","guid":{"rendered":"http:\/\/realitatearutiera.ro\/?p=44855"},"modified":"2019-01-03T08:59:33","modified_gmt":"2019-01-03T06:59:33","slug":"mai-multe-persoane-au-fost-ranite-intr-un-accident-rutier-produs-in-judetul-brasov","status":"publish","type":"post","link":"https:\/\/realitatearutiera.ro\/?p=44855","title":{"rendered":"Mai multe persoane au fost r\u0103nite \u00eentr-un accident rutier produs \u00een jude\u0163ul Bra\u015fov"},"content":{"rendered":"\n<p>Trei persoane au fost r\u0103nite, joi diminea\u0163\u0103, \u00een urma unui accident care a avut loc \u00een zona localit\u0103\u0163ii \u015eercaia, jude\u0163ul Bra\u015fov, dup\u0103 ce un autoturism a f\u0103cut o dep\u0103\u015fire neregulamentar\u0103 \u015fi a intrat pe contrasens, lovind un alt vehicul.<\/p>\n\n\n\n<figure class=\"wp-block-image is-resized\"><a href=\"https:\/\/www.mediafax.ro\/social\/trei-persoane-au-fost-ranite-intr-un-accident-rutier-produs-in-judetul-brasov-17805275\/foto\"><img loading=\"lazy\" decoding=\"async\" src=\"https:\/\/i0.wp.com\/storage0.dms.mpinteractiv.ro\/media\/1\/1\/1688\/17805275\/1\/7393319-mediafax-foto-marian-ilie-1.jpg?resize=383%2C254&#038;ssl=1\" alt=\"Imaginea articolului Trei persoane au fost r\u0103nite \u00eentr-un accident rutier produs \u00een jude\u0163ul Bra\u015fov\" width=\"383\" height=\"254\" data-recalc-dims=\"1\" \/><\/a><\/figure>\n\n\n\n<p>Trei persoane au fost r\u0103nite \u00eentr-un accident rutier produs \u00een jude\u0163ul Bra\u015fov<\/p>\n\n\n\n<p>Potrivit Centrului Infotrafic din Inspectoratul General al Poli\u0163iei Rom\u00e2ne, pe DN 1, \u00een zona localit\u0103\u0163ii \u015eercaia, jude\u0163ul Bra\u015fov, un autoturism a efectuat o dep\u0103\u015fire neregulamentar\u0103 \u015fi a p\u0103truns pe contrasens, unde a intrat \u00een coliziune frontal\u0103 cu un alt autoturism, care circula regulamentar.<\/p>\n\n\n\n<p>Circula\u0163ia rutier\u0103 este blocat\u0103 pe ambele sensuri de mers, pentru acordarea de \u00eengrijiri medicale \u015fi efectuarea cercet\u0103rii locului faptei.<\/p>\n\n\n\n<p>Reprezentan\u0163ii Poli\u0163iei Bra\u015fov spun c\u0103 trei persoane au fost r\u0103nite.<\/p>\n\n\n\n<p>Sursa:mediafax<\/p>\n\n\n\n<f\n\n\n\n<p><strong>8 afi\u015f\u0103ri<\/strong><\/p>\n","protected":false},"excerpt":{"rendered":"<p>Trei persoane au fost r\u0103nite, joi diminea\u0163\u0103, \u00een urma unui accident care a avut loc \u00een zona localit\u0103\u0163ii \u015eercaia, jude\u0163ul<\/p>\n","protected":false},"author":1,"featured_media":43384,"comment_status":"closed","ping_status":"closed","sticky":false,"template":"","format":"standard","meta":{"spay_email":"","footnotes":"","jetpack_publicize_message":""},"categories":[1],"tags":[],"class_list":["post-44855","post","type-post","status-publish","format-standard","has-post-thumbnail","hentry","category-uncategorized"],"jetpack_featured_media_url":"https:\/\/i1.wp.com\/realitatearutiera.ro\/wp-content\/uploads\/2018\/11\/trafic-blocat-pe-valea-oltului-un-mort-si-mai-multi-raniti-dupa-un-accident-infiorator-461175.jpg?fit=550%2C308&ssl=1","jetpack_publicize_connections":[],"jetpack_sharing_enabled":true,"jetpack_shortlink":"https:\/\/wp.me\/p61naM-bFt","jetpack-related-posts":[],"_links":{"self":[{"href":"https:\/\/realitatearutiera.ro\/index.php?rest_route=\/wp\/v2\/posts\/44855","targetHints":{"allow":["GET"]}}],"collection":[{"href":"https:\/\/realitatearutiera.ro\/index.php?rest_route=\/wp\/v2\/posts"}],"about":[{"href":"https:\/\/realitatearutiera.ro\/index.php?rest_route=\/wp\/v2\/types\/post"}],"author":[{"embeddable":true,"href":"https:\/\/realitatearutiera.ro\/index.php?rest_route=\/wp\/v2\/users\/1"}],"replies":[{"embeddable":true,"href":"https:\/\/realitatearutiera.ro\/index.php?rest_route=%2Fwp%2Fv2%2Fcomments&post=44855"}],"version-history":[{"count":1,"href":"https:\/\/realitatearutiera.ro\/index.php?rest_route=\/wp\/v2\/posts\/44855\/revisions"}],"predecessor-version":[{"id":44856,"href":"https:\/\/realitatearutiera.ro\/index.php?rest_route=\/wp\/v2\/posts\/44855\/revisions\/44856"}],"wp:featuredmedia":[{"embeddable":true,"href":"https:\/\/realitatearutiera.ro\/index.php?rest_route=\/wp\/v2\/media\/43384"}],"wp:attachment":[{"href":"https:\/\/realitatearutiera.ro\/index.php?rest_route=%2Fwp%2Fv2%2Fmedia&parent=44855"}],"wp:term":[{"taxonomy":"category","embeddable":true,"href":"https:\/\/realitatearutiera.ro\/index.php?rest_route=%2Fwp%2Fv2%2Fcategories&post=44855"},{"taxonomy":"post_tag","embeddable":true,"href":"https:\/\/realitatearutiera.ro\/index.php?rest_route=%2Fwp%2Fv2%2Ftags&post=44855"}],"curies":[{"name":"wp","href":"https:\/\/api.w.org\/{rel}","templated":true}]}}