{"id":44865,"date":"2019-01-04T08:54:45","date_gmt":"2019-01-04T06:54:45","guid":{"rendered":"http:\/\/realitatearutiera.ro\/?p=44865"},"modified":"2019-01-04T08:54:50","modified_gmt":"2019-01-04T06:54:50","slug":"simptome-ale-alergiei-la-frig-cum-poate-fi-tratata-afectiunea","status":"publish","type":"post","link":"https:\/\/realitatearutiera.ro\/?p=44865","title":{"rendered":"Simptome ale alergiei la frig. Cum poate fi tratat\u0103 afec\u0163iunea"},"content":{"rendered":"\n<p><strong>Alergia la frig este o afec\u0163iune \u00eent\u00e2lnit\u0103 \u00een special \u00een r\u00e2ndul persoanelor cu v\u00e2rste cuprinse \u00eentre 18 \u015fi 35 de ani, care locuiesc \u00een zone cu climat rece, dar poate ap\u0103rea \u015fi la copii sau v\u00e2rstnici care dezvolt\u0103 o reac\u0163ie alergic\u0103 la temperaturile sc\u0103zute. \u00cenro\u015firea \u015fi&nbsp;<a href=\"https:\/\/www.csid.ro\/health\/sanatate\/te-confrunti-cu-mancarimi-pe-maini-si-picioare-in-timpul-iernii-afla-cauzele-si-ce-solutii-exista-16050567\" target=\"_blank\" rel=\"noreferrer noopener\">m\u00e2nc\u0103rimile pielii&nbsp;<\/a>expuse la frig sau b\u0103\u015ficile sunt principalele simptome ale alergiei la frig, dar pot exista \u015fi alte manifest\u0103ri, \u00een func\u0163ie de individ.<\/strong><\/p>\n\n\n\n<p><strong>Aceste reac\u0163ii apar, de regul\u0103, la scurt timp dup\u0103 expunerea la frig (2-5 minute), iar simptomele pot persista 1-2 ore, dar, \u00een unele cazuri, rareori, se pot \u00eenr\u0103ut\u0103\u0163i, duc\u00e2nd chiar la le\u015fin,&nbsp;<a href=\"https:\/\/www.csid.ro\/boli-afectiuni\/alergii-boli-imunologice-boli-genetice\/anafilaxia-si-socul-anafilactic-13400209\" target=\"_blank\" rel=\"noreferrer noopener\">\u015foc anafilactic<\/a>&nbsp;sau deces.<\/strong><\/p>\n\n\n\n<p>Alergia sau urticaria la frig poate fi cauzat\u0103 \u015fi de \u00eenotul \u00een ap\u0103 foarte rece, consumul unei b\u0103uturi cu ghea\u0163\u0103 sau de expunerea la aerul rece al aparatului de aer condi\u0163ionat. Cauza acestei reac\u0163ii alergice la frig nu este pe deplin cunoscut\u0103 \u015fi rareori este asociat\u0103 cu alte probleme de s\u0103n\u0103tate, cum ar fi o boal\u0103 infec\u0163ioas\u0103 sau o tulburare a s\u00e2ngelui. Din fericire, tratamentul alergiei la frig const\u0103 \u00een administrarea de antihististaminice, care sunt foarte eficiente. De asemenea, este important\u0103 con\u015ftientizarea factorilor de risc ce pot favoriza apari\u0163ia acestei afec\u0163iuni, deoarece astfel pot fi luate m\u0103suri de prevenire a simptomelor nepl\u0103cute.<\/p>\n\n\n\n<h2 class=\"wp-block-heading\" id=\"cap2\">Alergia la frig: simptome<\/h2>\n\n\n\n<p>Alergia la frig include simptome precum:<\/p>\n\n\n\n<ul class=\"wp-block-list\"><li>\u00cenro\u015firea pielii, formarea de b\u0103\u015fici sau eczeme pe por\u0163iunea expus\u0103 la frig \u015fi m\u00e2nc\u0103rimi (simptome specifice\u00a0<a rel=\"noreferrer noopener\" href=\"https:\/\/www.csid.ro\/dictionar-medical\/urticarie-11352029\" target=\"_blank\">urticariei<\/a>)<\/li><li>\u00cenr\u0103ut\u0103\u0163irea simptomelor de alergie pe m\u0103sur\u0103 ce temperatura de la nivelul pielii cre\u015fte<\/li><li>Umflarea m\u00e2inilor (\u00een special c\u00e2nd intr\u0103 \u00een contact cu un obiect rece)<\/li><li>Umflarea buzelor c\u00e2nd se consum\u0103 alimente sau b\u0103uturi foarte reci<\/li><li><a rel=\"noreferrer noopener\" href=\"https:\/\/www.csid.ro\/health\/sanatate\/cauzele-ascunse-ale-oboselii-de-la-lipsa-de-vitamine-la-dereglari-hormonale-11289263\" target=\"_blank\">Oboseal\u0103<\/a><\/li><li>Umflarea limbii sau a g\u00e2tului<\/li><li><a rel=\"noreferrer noopener\" href=\"https:\/\/www.csid.ro\/semne-si-simptome\/dificultate-in-respiratie-10958528\" target=\"_blank\">Dificult\u0103\u0163i de respira\u0163ie<\/a>\u00a0(\u015fuierat)<\/li><li>Le\u015fin<\/li><li>Ritm cardiac accelerat<\/li><li><a rel=\"noreferrer noopener\" href=\"https:\/\/www.csid.ro\/boli-afectiuni\/boli-cardio-vasculare\/palpitatiile-cardiace-cauze-simptome-tratament-12800932\" target=\"_blank\">Palpita\u0163ii<\/a><\/li><li>Ame\u0163eal\u0103<\/li><li>Dureri de cap<\/li><li><a rel=\"noreferrer noopener\" href=\"https:\/\/www.csid.ro\/semne-si-simptome\/anxietate-11230433\" target=\"_blank\">Anxietate<\/a><\/li><li>Tensiune arterial\u0103 sc\u0103zut\u0103<\/li><li>\u015eoc anafilactic<\/li><\/ul>\n\n\n\n<h2 class=\"wp-block-heading\" id=\"cap3\">Alergia la frig: cauze<\/h2>\n\n\n\n<p>De\u015fi simptomele alergiei la frig sunt declan\u015fate de expunerea la temperaturi sc\u0103zute, \u00eenc\u0103 nu se cunoa\u015fte precis din ce cauz\u0103 se produce aceast\u0103 reac\u0163ie alergic\u0103. Studiile nu au ar\u0103tat o asociere \u00eentre alergia la frig \u015fi mo\u015ftenirea genetic\u0103, prin urmare nu poate fi vorba despre o afec\u0163iune ereditar\u0103.<\/p>\n\n\n\n<p>Exist\u0103 \u00eens\u0103 unele afec\u0163iuni care ar putea produce simptome similare cu alergia la frig, cum ar fi infec\u0163iile respiratorii,&nbsp;<a href=\"https:\/\/www.csid.ro\/dictionar-medical\/hemoglobinurie-11713061\" target=\"_blank\" rel=\"noreferrer noopener\">hemoglobinuria<\/a>, crioglobulinemia,&nbsp;<a href=\"https:\/\/www.csid.ro\/health\/sanatate\/leucemia-boala-sangelui-alb-simptome-care-ar-trebui-sa-te-ingrijoreze-15939989\" target=\"_blank\" rel=\"noreferrer noopener\">leucemia cronic\u0103 limfocitar\u0103<\/a>, limfosarcomul,&nbsp;<a href=\"https:\/\/www.csid.ro\/health\/sanatate\/hepatita-virala-inamicul-ficatului-6618457\" target=\"_blank\" rel=\"noreferrer noopener\">hepatita viral\u0103<\/a>,&nbsp;<a href=\"https:\/\/www.csid.ro\/sex\/educatie-sexuala\/sifilisul-se-vindeca-afla-care-sunt-simptomele-si-metodele-de-tratament-12635902\" target=\"_blank\" rel=\"noreferrer noopener\">sifilisul<\/a>,&nbsp;<a href=\"https:\/\/www.csid.ro\/boli-afectiuni\/boli-infectioase\/mononucleoza-infectioasa-simptome-diagnostic-tratament-17133575\" target=\"_blank\" rel=\"noreferrer noopener\">mononucleoza<\/a>&nbsp;sau&nbsp;<a href=\"https:\/\/www.csid.ro\/boli-afectiuni\/boli-infectioase\/varicela-sau-varsatul-de-vant-simptome-complicatii-preventie-si-tratament-16991231\" target=\"_blank\" rel=\"noreferrer noopener\">varicela<\/a>. De asemenea, este posibil ca transfuziile de s\u00e2nge provenit de la o persoan\u0103 alergic\u0103 s\u0103 declan\u015feze alergia la frig.<a href=\"https:\/\/www.csid.ro\/boli-afectiuni\/alergii-boli-imunologice-boli-genetice\/alergia-la-frig-simptome-cauze-diagnostic-tratament-preventie-17797246\/#a-content\">sus<\/a><\/p>\n\n\n\n<h2 class=\"wp-block-heading\" id=\"cap4\">Alergia la frig: diagnostic<\/h2>\n\n\n\n<p>Diagnosticul de alergie la frig se suspecteaz\u0103 pe baza simptomelor pacientului \u015fi poate fi confirmat cu ajutorul testelor de s\u00e2nge, care pot identifica nivelul markerilor alergeni. Expunerea la un obiect rece (cum ar fi, de exemplu, un cub de ghea\u0163\u0103) \u015fi men\u0163inerea acestuia pe piele timp de 1-5 minute duc, \u00een cazul alergiei la frig, la declan\u015farea inflama\u0163iei \u015fi tumefierii por\u0163iunii respective \u2013 acest test \u00eel ajut\u0103 pe medic s\u0103 observe reac\u0163ia organismului la un stimul rece.<\/p>\n\n\n\n<p>Dac\u0103 se suspecteaz\u0103 o afec\u0163iune mai grav\u0103 care compromite activitatea sistemului imunitar, cum ar fi o infec\u0163ie sau chiar cancerul, medicul poate solicita efectuarea unor analize mai am\u0103nun\u0163ite, inclusiv teste imagistice.<a href=\"https:\/\/www.csid.ro\/boli-afectiuni\/alergii-boli-imunologice-boli-genetice\/alergia-la-frig-simptome-cauze-diagnostic-tratament-preventie-17797246\/#a-content\">sus<\/a><\/p>\n\n\n\n<h2 class=\"wp-block-heading\" id=\"cap5\">Alergia la frig: tratament<\/h2>\n\n\n\n<p>Simptomele alergiei la frig pot disp\u0103rea de la sine, \u00een decursul a c\u00e2teva s\u0103pt\u0103m\u00e2ni sau luni, sau pot persista pe termen lung, c\u00e2\u0163iva ani sau chiar toat\u0103 via\u0163a. \u00cen astfel de cazuri, tratamentul presupune evitarea expunerii, pe c\u00e2t posibil, la aerul rece sau, dac\u0103 acest lucru este inevitabil, administrarea profilactic\u0103 de antihistaminice sau alte medicamente specifice recomandate de medic. De asemenea, este indicat\u0103 purtarea la \u00eendem\u00e2n\u0103, \u00een permanen\u0163\u0103, a unui injector cu epinefrin\u0103, \u00een cazul \u00een care simptomele se \u00eenr\u0103ut\u0103\u0163esc brusc \u015fi se instaleaz\u0103 \u015focul anafilactic.&nbsp;<a href=\"https:\/\/www.csid.ro\/boli-afectiuni\/alergii-boli-imunologice-boli-genetice\/alergia-la-frig-simptome-cauze-diagnostic-tratament-preventie-17797246\/#a-content\">sus<\/a><\/p>\n\n\n\n<h2 class=\"wp-block-heading\" id=\"cap6\">Alergia la frig: preven\u0163ie<\/h2>\n\n\n\n<p>Pentru a preveni sau ameliora episoadele de alergie la frig, se recomand\u0103:<\/p>\n\n\n\n<ul class=\"wp-block-list\"><li>Administrarea de antihistaminice \u00eenainte de expunerea la frig sau \u00eenotul \u00een piscin\u0103 cu ap\u0103 rece<\/li><li>Protejarea pielii cu haine adecvate temperaturilor sc\u0103zute<\/li><li>Evitarea alimentelor \u015fi b\u0103uturilor foarte reci<\/li><li>Administrarea de&nbsp;<a href=\"https:\/\/www.csid.ro\/health\/vitamine-si-minerale\/vitamina-c-11310336\" target=\"_blank\" rel=\"noreferrer noopener\">vitamina C<\/a><\/li><li>Solu\u0163iile saline nazale<\/li><li>Instila\u0163iile nazale cu extract diluat de urzic\u0103<\/li><li>Pic\u0103turile de ochi cu ap\u0103 de mare<\/li><\/ul>\n\n\n\n<p><strong>Sursa:\u00a0csid.ro<\/strong><\/p>\n","protected":false},"excerpt":{"rendered":"<p>Alergia la frig este o afec\u0163iune \u00eent\u00e2lnit\u0103 \u00een special \u00een r\u00e2ndul persoanelor cu v\u00e2rste cuprinse \u00eentre 18 \u015fi 35 de<\/p>\n","protected":false},"author":1,"featured_media":30199,"comment_status":"closed","ping_status":"closed","sticky":false,"template":"","format":"standard","meta":{"spay_email":"","footnotes":"","jetpack_publicize_message":""},"categories":[80],"tags":[],"class_list":["post-44865","post","type-post","status-publish","format-standard","has-post-thumbnail","hentry","category-sanatate"],"jetpack_featured_media_url":"https:\/\/i2.wp.com\/realitatearutiera.ro\/wp-content\/uploads\/2017\/12\/ger_frig_72101200.jpg?fit=728%2C408&ssl=1","jetpack_publicize_connections":[],"jetpack_sharing_enabled":true,"jetpack_shortlink":"https:\/\/wp.me\/p61naM-bFD","jetpack-related-posts":[],"_links":{"self":[{"href":"https:\/\/realitatearutiera.ro\/index.php?rest_route=\/wp\/v2\/posts\/44865","targetHints":{"allow":["GET"]}}],"collection":[{"href":"https:\/\/realitatearutiera.ro\/index.php?rest_route=\/wp\/v2\/posts"}],"about":[{"href":"https:\/\/realitatearutiera.ro\/index.php?rest_route=\/wp\/v2\/types\/post"}],"author":[{"embeddable":true,"href":"https:\/\/realitatearutiera.ro\/index.php?rest_route=\/wp\/v2\/users\/1"}],"replies":[{"embeddable":true,"href":"https:\/\/realitatearutiera.ro\/index.php?rest_route=%2Fwp%2Fv2%2Fcomments&post=44865"}],"version-history":[{"count":1,"href":"https:\/\/realitatearutiera.ro\/index.php?rest_route=\/wp\/v2\/posts\/44865\/revisions"}],"predecessor-version":[{"id":44866,"href":"https:\/\/realitatearutiera.ro\/index.php?rest_route=\/wp\/v2\/posts\/44865\/revisions\/44866"}],"wp:featuredmedia":[{"embeddable":true,"href":"https:\/\/realitatearutiera.ro\/index.php?rest_route=\/wp\/v2\/media\/30199"}],"wp:attachment":[{"href":"https:\/\/realitatearutiera.ro\/index.php?rest_route=%2Fwp%2Fv2%2Fmedia&parent=44865"}],"wp:term":[{"taxonomy":"category","embeddable":true,"href":"https:\/\/realitatearutiera.ro\/index.php?rest_route=%2Fwp%2Fv2%2Fcategories&post=44865"},{"taxonomy":"post_tag","embeddable":true,"href":"https:\/\/realitatearutiera.ro\/index.php?rest_route=%2Fwp%2Fv2%2Ftags&post=44865"}],"curies":[{"name":"wp","href":"https:\/\/api.w.org\/{rel}","templated":true}]}}