{"id":44873,"date":"2019-01-04T09:14:06","date_gmt":"2019-01-04T07:14:06","guid":{"rendered":"http:\/\/realitatearutiera.ro\/?p=44873"},"modified":"2019-01-04T09:14:12","modified_gmt":"2019-01-04T07:14:12","slug":"accident-rutier-pe-soseaua-de-centura-din-alba-iulia","status":"publish","type":"post","link":"https:\/\/realitatearutiera.ro\/?p=44873","title":{"rendered":"Accident rutier pe \u015foseaua de centur\u0103 din Alba Iulia"},"content":{"rendered":"\n<p> Un  accident rutier s-a produs joi diminea\u0163\u0103 pe centura din Alba Iulia, una dintre cele mai periculoase \u015fosele din ora\u015f.<\/p>\n\n\n\n<p> O persoan\u0103 a r\u0103mas \u00eencarcerat\u0103 dup\u0103 un accident \u00een care au fost implicate dou\u0103 autoturisme, a transmis IPJ Alba.\u00a0 \u00a0 <\/p>\n\n\n\n<p>Deta\u015famentul de pompieri Alba Iulia din cadrul Inspectoratului pentru Situa\u0163ii de Urgen\u0163\u0103 a interventit cu o autospecial\u0103, descarcerarea \u015fi o ambulan\u0163\u0103 SMURD. Traficul se desf\u0103\u015foar\u0103 cu dificultate \u00een zona g\u0103rii B\u0103r\u0103ban\u0163, unde s-a produs accidentul. \u00a0 <\/p>\n\n\n\n<p>Este vorba despre un autoturism marca Audi, care s-a ciocnit cu un Renault, ambele ma\u015fini fiind \u00eenmatriculate \u00een Alba. Poli\u0163ia a deschis o anchet\u0103 pentru a stabili exact ce s-a \u00eent\u00e2mplat. La spital au ajuns dou\u0103 victime ale accidentului. <\/p>\n\n\n\n<figure class=\"wp-block-image\"><img decoding=\"async\" src=\"https:\/\/i1.wp.com\/adevarul.ro\/assets\/adevarul.ro\/MRImage\/2019\/01\/03\/5c2dc663df52022f752bea1c\/646x404.jpg?w=800&#038;ssl=1\" alt=\"\" data-recalc-dims=\"1\"\/><\/figure>\n\n\n\n<p>\u00a0\u00a0Sursa:adevarul<\/p>\n","protected":false},"excerpt":{"rendered":"<p>Un accident rutier s-a produs joi diminea\u0163\u0103 pe centura din Alba Iulia, una dintre cele mai periculoase \u015fosele din ora\u015f.<\/p>\n","protected":false},"author":1,"featured_media":43186,"comment_status":"closed","ping_status":"closed","sticky":false,"template":"","format":"standard","meta":{"spay_email":"","footnotes":"","jetpack_publicize_message":""},"categories":[1],"tags":[],"class_list":["post-44873","post","type-post","status-publish","format-standard","has-post-thumbnail","hentry","category-uncategorized"],"jetpack_featured_media_url":"https:\/\/i0.wp.com\/realitatearutiera.ro\/wp-content\/uploads\/2018\/11\/accident-mwc-generic.jpg?fit=750%2C501&ssl=1","jetpack_publicize_connections":[],"jetpack_sharing_enabled":true,"jetpack_shortlink":"https:\/\/wp.me\/p61naM-bFL","jetpack-related-posts":[],"_links":{"self":[{"href":"https:\/\/realitatearutiera.ro\/index.php?rest_route=\/wp\/v2\/posts\/44873","targetHints":{"allow":["GET"]}}],"collection":[{"href":"https:\/\/realitatearutiera.ro\/index.php?rest_route=\/wp\/v2\/posts"}],"about":[{"href":"https:\/\/realitatearutiera.ro\/index.php?rest_route=\/wp\/v2\/types\/post"}],"author":[{"embeddable":true,"href":"https:\/\/realitatearutiera.ro\/index.php?rest_route=\/wp\/v2\/users\/1"}],"replies":[{"embeddable":true,"href":"https:\/\/realitatearutiera.ro\/index.php?rest_route=%2Fwp%2Fv2%2Fcomments&post=44873"}],"version-history":[{"count":1,"href":"https:\/\/realitatearutiera.ro\/index.php?rest_route=\/wp\/v2\/posts\/44873\/revisions"}],"predecessor-version":[{"id":44875,"href":"https:\/\/realitatearutiera.ro\/index.php?rest_route=\/wp\/v2\/posts\/44873\/revisions\/44875"}],"wp:featuredmedia":[{"embeddable":true,"href":"https:\/\/realitatearutiera.ro\/index.php?rest_route=\/wp\/v2\/media\/43186"}],"wp:attachment":[{"href":"https:\/\/realitatearutiera.ro\/index.php?rest_route=%2Fwp%2Fv2%2Fmedia&parent=44873"}],"wp:term":[{"taxonomy":"category","embeddable":true,"href":"https:\/\/realitatearutiera.ro\/index.php?rest_route=%2Fwp%2Fv2%2Fcategories&post=44873"},{"taxonomy":"post_tag","embeddable":true,"href":"https:\/\/realitatearutiera.ro\/index.php?rest_route=%2Fwp%2Fv2%2Ftags&post=44873"}],"curies":[{"name":"wp","href":"https:\/\/api.w.org\/{rel}","templated":true}]}}