{"id":44942,"date":"2019-01-07T08:12:30","date_gmt":"2019-01-07T06:12:30","guid":{"rendered":"http:\/\/realitatearutiera.ro\/?p=44942"},"modified":"2019-01-07T08:12:34","modified_gmt":"2019-01-07T06:12:34","slug":"doua-persoane-au-murit-iar-alte-doua-sunt-grav-ranite-dupa-ce-doua-autoturisme-s-au-ciocnit-frontal","status":"publish","type":"post","link":"https:\/\/realitatearutiera.ro\/?p=44942","title":{"rendered":"Dou\u0103 persoane au murit, iar alte dou\u0103 sunt grav r\u0103nite dup\u0103 ce dou\u0103 autoturisme s-au ciocnit frontal"},"content":{"rendered":"\n<p> Un grav accident de circula\u0163ie s-a produs luni diminea\u0163\u0103, pe Drumul Na\u0163ional DN2, la intrarea \u00een localitatea R\u0103c\u0103ciuni, din jude\u0163ul Bac\u0103u.<\/p>\n\n\n\n<p> Dou\u0103 persoane au murit, iar alte dou\u0103 sunt grav r\u0103nite dup\u0103 ce dou\u0103 autoturisme s-au ciocnit frontal. Din primele cercet\u0103ri, unul dintre \u015foferi ar fi adormit la volan \u015fi a p\u0103truns pe contrasens.\u00a0 <\/p>\n\n\n\n<p>Potrivit reprezentan\u0163ilor Direc\u0163iei Regionale Drumuri \u015fi Poduri Ia\u015fi, pe sectorul respectiv carosabilul este umed ca urmare a ninsorilor. Lucr\u0103torii de la Drumuri \u015fi Poduri au ac\u0163ionat pe parcursul nop\u0163ii cu trei autoutilaje dotate cu lam\u0103 \u015fi r\u0103sp\u00e2nditor de material antiderapant.\u00a0 <\/p>\n\n\n\n<p>Din cauza avarierii grave a autoturismelor \u015fi a proiect\u0103rii acestora pe ambele p\u0103r\u0163i ale drumului, circula\u0163ia a fost blocat\u0103 temporar, pentru efectuarea m\u0103sur\u0103torilor de c\u0103tre poli\u0163i\u015fti.\u00a0 <\/p>\n\n\n\n<p>La acest moment, circula\u0163ia \u00een zon\u0103 se desf\u0103\u015foar\u0103 normal, dup\u0103 degajarea carosabilului de c\u0103tre echipele DRDP Ia\u015fi.\u00a0<\/p>\n\n\n\n<figure class=\"wp-block-image\"><img decoding=\"async\" src=\"https:\/\/i1.wp.com\/adevarul.ro\/assets\/adevarul.ro\/MRImage\/2019\/01\/07\/5c32dc42df52022f75558805\/646x528.jpg?w=800&#038;ssl=1\" alt=\"\" data-recalc-dims=\"1\"\/><\/figure>\n\n\n\n<p>Sursa:adevarul<\/p>\n","protected":false},"excerpt":{"rendered":"<p>Un grav accident de circula\u0163ie s-a produs luni diminea\u0163\u0103, pe Drumul Na\u0163ional DN2, la intrarea \u00een localitatea R\u0103c\u0103ciuni, din jude\u0163ul<\/p>\n","protected":false},"author":1,"featured_media":44943,"comment_status":"closed","ping_status":"closed","sticky":false,"template":"","format":"standard","meta":{"spay_email":"","footnotes":"","jetpack_publicize_message":""},"categories":[1],"tags":[],"class_list":["post-44942","post","type-post","status-publish","format-standard","has-post-thumbnail","hentry","category-uncategorized"],"jetpack_featured_media_url":"https:\/\/i1.wp.com\/realitatearutiera.ro\/wp-content\/uploads\/2019\/01\/646x404-1.jpg?fit=646%2C404&ssl=1","jetpack_publicize_connections":[],"jetpack_sharing_enabled":true,"jetpack_shortlink":"https:\/\/wp.me\/p61naM-bGS","jetpack-related-posts":[],"_links":{"self":[{"href":"https:\/\/realitatearutiera.ro\/index.php?rest_route=\/wp\/v2\/posts\/44942","targetHints":{"allow":["GET"]}}],"collection":[{"href":"https:\/\/realitatearutiera.ro\/index.php?rest_route=\/wp\/v2\/posts"}],"about":[{"href":"https:\/\/realitatearutiera.ro\/index.php?rest_route=\/wp\/v2\/types\/post"}],"author":[{"embeddable":true,"href":"https:\/\/realitatearutiera.ro\/index.php?rest_route=\/wp\/v2\/users\/1"}],"replies":[{"embeddable":true,"href":"https:\/\/realitatearutiera.ro\/index.php?rest_route=%2Fwp%2Fv2%2Fcomments&post=44942"}],"version-history":[{"count":1,"href":"https:\/\/realitatearutiera.ro\/index.php?rest_route=\/wp\/v2\/posts\/44942\/revisions"}],"predecessor-version":[{"id":44944,"href":"https:\/\/realitatearutiera.ro\/index.php?rest_route=\/wp\/v2\/posts\/44942\/revisions\/44944"}],"wp:featuredmedia":[{"embeddable":true,"href":"https:\/\/realitatearutiera.ro\/index.php?rest_route=\/wp\/v2\/media\/44943"}],"wp:attachment":[{"href":"https:\/\/realitatearutiera.ro\/index.php?rest_route=%2Fwp%2Fv2%2Fmedia&parent=44942"}],"wp:term":[{"taxonomy":"category","embeddable":true,"href":"https:\/\/realitatearutiera.ro\/index.php?rest_route=%2Fwp%2Fv2%2Fcategories&post=44942"},{"taxonomy":"post_tag","embeddable":true,"href":"https:\/\/realitatearutiera.ro\/index.php?rest_route=%2Fwp%2Fv2%2Ftags&post=44942"}],"curies":[{"name":"wp","href":"https:\/\/api.w.org\/{rel}","templated":true}]}}