{"id":44951,"date":"2019-01-07T08:26:30","date_gmt":"2019-01-07T06:26:30","guid":{"rendered":"http:\/\/realitatearutiera.ro\/?p=44951"},"modified":"2019-01-07T08:26:36","modified_gmt":"2019-01-07T06:26:36","slug":"grav-accident-rutier-in-bihorun-mort-si-opt-raniti-in-urma-impactului-dintre-doua-masini","status":"publish","type":"post","link":"https:\/\/realitatearutiera.ro\/?p=44951","title":{"rendered":"GRAV accident rutier \u00een Bihor:Un mort \u0219i opt r\u0103ni\u021bi \u00een urma impactului dintre dou\u0103 ma\u0219ini"},"content":{"rendered":"\n<p>Opt persoane au fost r\u0103nite, duminic\u0103 seara, \u00een zona localit\u0103\u0163ii Vii\u015foara, jude\u0163ul Bihor, dup\u0103 impactul frontal dintre dou\u0103 ma\u015fini. Cinci dintre victime au avut nevoie de interven\u0163ia echipajelor de descarcerare.<\/p>\n\n\n\n<figure class=\"wp-block-image\"><a href=\"https:\/\/www.mediafax.ro\/social\/un-mort-si-opt-raniti-in-urma-impactului-dintre-doua-masini-in-bihor-17818909\/foto\"><img decoding=\"async\" src=\"https:\/\/i0.wp.com\/storage0.dms.mpinteractiv.ro\/media\/1\/1\/1688\/17818909\/1\/smurd.jpg?w=800&#038;ssl=1\" alt=\"Imaginea articolului Un mort \u015fi opt r\u0103ni\u0163i \u00een urma impactului dintre dou\u0103 ma\u015fini, \u00een Bihor\" data-recalc-dims=\"1\"\/><\/a><\/figure>\n\n\n\n<p>Un mort \u015fi opt r\u0103ni\u0163i \u00een urma impactului dintre dou\u0103 ma\u015fini, \u00een Bihor<\/p>\n\n\n\n<p>Purt\u0103torul de cuv\u00e2nt al ISU Bihor, maiorul Camelia Ro\u015fca, a declarat, corespondentului MEDIAFAX, c\u0103 mai multe echipaje au intervenit pentru acordarea primului ajutor persoanelor r\u0103nite \u00een accidentul din afara localit\u0103\u0163ii Vii\u015foara, \u00eens\u0103 una dintre victime a murit.<\/p>\n\n\n\n<p>\u201eA fost sesizat un accident \u00eentre dou\u0103 ma\u015fini, \u00een care se aflau nou\u0103 persoane. (&#8230;) \u00cen momentul sosirii echipajelor, cinci persoane erau \u00eencarcerate. Victimele au fost scoase din autoturismele avariate. Echipajele medicale au evaluat victimele. Una dintre ele se afla \u00een stop cardio-respirator \u015fi \u00een ciuda eforturilor medicilor, a decedat. Toate celelalte opt victime au fost duse la spital, cu diferite traumatisme \u015fi leziuni\u201d, a spus maior Ro\u015fca.<\/p>\n\n\n\n<p>Poli\u0163i\u015ftii fac verific\u0103ri pentru a stabili cum s-a produs evenimentul rutier.<\/p>\n\n\n\n<p>Sursa:mediafax<\/p>\n","protected":false},"excerpt":{"rendered":"<p>Opt persoane au fost r\u0103nite, duminic\u0103 seara, \u00een zona localit\u0103\u0163ii Vii\u015foara, jude\u0163ul Bihor, dup\u0103 impactul frontal dintre dou\u0103 ma\u015fini. Cinci<\/p>\n","protected":false},"author":1,"featured_media":38914,"comment_status":"closed","ping_status":"closed","sticky":false,"template":"","format":"standard","meta":{"spay_email":"","footnotes":"","jetpack_publicize_message":""},"categories":[1],"tags":[],"class_list":["post-44951","post","type-post","status-publish","format-standard","has-post-thumbnail","hentry","category-uncategorized"],"jetpack_featured_media_url":"https:\/\/i2.wp.com\/realitatearutiera.ro\/wp-content\/uploads\/2018\/07\/1-accident-copil-de-11-ani-la-spital-dupa-ce-masina-in-care-se-afla-s-a-izbit-violent-intr-un-gard-1.jpg?fit=667%2C500&ssl=1","jetpack_publicize_connections":[],"jetpack_sharing_enabled":true,"jetpack_shortlink":"https:\/\/wp.me\/p61naM-bH1","jetpack-related-posts":[],"_links":{"self":[{"href":"https:\/\/realitatearutiera.ro\/index.php?rest_route=\/wp\/v2\/posts\/44951","targetHints":{"allow":["GET"]}}],"collection":[{"href":"https:\/\/realitatearutiera.ro\/index.php?rest_route=\/wp\/v2\/posts"}],"about":[{"href":"https:\/\/realitatearutiera.ro\/index.php?rest_route=\/wp\/v2\/types\/post"}],"author":[{"embeddable":true,"href":"https:\/\/realitatearutiera.ro\/index.php?rest_route=\/wp\/v2\/users\/1"}],"replies":[{"embeddable":true,"href":"https:\/\/realitatearutiera.ro\/index.php?rest_route=%2Fwp%2Fv2%2Fcomments&post=44951"}],"version-history":[{"count":1,"href":"https:\/\/realitatearutiera.ro\/index.php?rest_route=\/wp\/v2\/posts\/44951\/revisions"}],"predecessor-version":[{"id":44952,"href":"https:\/\/realitatearutiera.ro\/index.php?rest_route=\/wp\/v2\/posts\/44951\/revisions\/44952"}],"wp:featuredmedia":[{"embeddable":true,"href":"https:\/\/realitatearutiera.ro\/index.php?rest_route=\/wp\/v2\/media\/38914"}],"wp:attachment":[{"href":"https:\/\/realitatearutiera.ro\/index.php?rest_route=%2Fwp%2Fv2%2Fmedia&parent=44951"}],"wp:term":[{"taxonomy":"category","embeddable":true,"href":"https:\/\/realitatearutiera.ro\/index.php?rest_route=%2Fwp%2Fv2%2Fcategories&post=44951"},{"taxonomy":"post_tag","embeddable":true,"href":"https:\/\/realitatearutiera.ro\/index.php?rest_route=%2Fwp%2Fv2%2Ftags&post=44951"}],"curies":[{"name":"wp","href":"https:\/\/api.w.org\/{rel}","templated":true}]}}