{"id":45175,"date":"2019-01-10T12:15:38","date_gmt":"2019-01-10T10:15:38","guid":{"rendered":"http:\/\/realitatearutiera.ro\/?p=45175"},"modified":"2019-01-10T12:15:44","modified_gmt":"2019-01-10T10:15:44","slug":"dorul-de-mama-l-a-adus-la-suicid","status":"publish","type":"post","link":"https:\/\/realitatearutiera.ro\/?p=45175","title":{"rendered":"DORUL de mam\u0103 l-a adus la suicid"},"content":{"rendered":"\n<p> O b\u0103tr\u00e2n\u0103 de 70 de ani din jude\u0163ul Boto\u015fani \u015fi-a salvat nepotul de la moarte. Acesta a vrut s\u0103 se sinucid\u0103 \u015fi s-a sp\u00e2nzurat. A fost descoperit la timp de bunica care i-a t\u0103iat \u015ftreangul \u015fi l-a readus la via\u0163\u0103.<\/p>\n\n\n\n<p> Incidentul a avut loc ieri, \u00een satul Poiana din jude\u0163ul Boto\u015fani. Un adolescent de 16 ani avea, de mai mult timp, g\u00e2nduri de suicid. Ar fi suferit de dorul mamei, plecat\u0103 la munc\u0103 \u00een str\u0103in\u0103tate \u015fi ar mai fi \u00eencercat de c\u00e2teva ori s\u0103-\u015fi curme via\u0163a.\u00a0 <\/p>\n\n\n\n<p>Acesta locuie\u015fte \u00eempreun\u0103 cu bunica sa \u015fi ieri a profitat de faptul c\u0103 b\u0103tr\u00e2na s-a luat cu treburile prin cas\u0103. Adolescentul s-a strecurat \u00een spatele cur\u0163ii, a luat o curea \u015fi a reu\u015fit s\u0103-\u015fi improvizeze un \u015ftreang. A fost la un pas de moarte. A reu\u015fit s\u0103 lase \u00een \u015ftreang dar a fost v\u0103zut imediat de bunica acestuia.\u00a0 <\/p>\n\n\n\n<p>Femeia, de\u015fi \u00een v\u00e2rst\u0103, a reac\u0163ionat formidabil. A t\u0103iat imediat \u015ftreangul improvizat \u015fi l-a ajutat pe nepot s\u0103 respire. A sunat la 112 iar echipajul medical l-a readus complet la via\u0163\u0103. Via\u0163a b\u0103iatului a fost salvat\u0103 de interven\u0163ia rapid\u0103 a bunicii dar \u015fi de faptul c\u0103 aceasta nu s-a pierdut cu firea.\u00a0<\/p>\n\n\n\n<p>Sursa:adevarul<\/p>\n","protected":false},"excerpt":{"rendered":"<p>O b\u0103tr\u00e2n\u0103 de 70 de ani din jude\u0163ul Boto\u015fani \u015fi-a salvat nepotul de la moarte. Acesta a vrut s\u0103 se<\/p>\n","protected":false},"author":1,"featured_media":45176,"comment_status":"closed","ping_status":"closed","sticky":false,"template":"","format":"standard","meta":{"spay_email":"","footnotes":"","jetpack_publicize_message":""},"categories":[6],"tags":[],"class_list":["post-45175","post","type-post","status-publish","format-standard","has-post-thumbnail","hentry","category-social"],"jetpack_featured_media_url":"https:\/\/i0.wp.com\/realitatearutiera.ro\/wp-content\/uploads\/2019\/01\/646x404-5-1.jpg?fit=646%2C404&ssl=1","jetpack_publicize_connections":[],"jetpack_sharing_enabled":true,"jetpack_shortlink":"https:\/\/wp.me\/p61naM-bKD","jetpack-related-posts":[],"_links":{"self":[{"href":"https:\/\/realitatearutiera.ro\/index.php?rest_route=\/wp\/v2\/posts\/45175","targetHints":{"allow":["GET"]}}],"collection":[{"href":"https:\/\/realitatearutiera.ro\/index.php?rest_route=\/wp\/v2\/posts"}],"about":[{"href":"https:\/\/realitatearutiera.ro\/index.php?rest_route=\/wp\/v2\/types\/post"}],"author":[{"embeddable":true,"href":"https:\/\/realitatearutiera.ro\/index.php?rest_route=\/wp\/v2\/users\/1"}],"replies":[{"embeddable":true,"href":"https:\/\/realitatearutiera.ro\/index.php?rest_route=%2Fwp%2Fv2%2Fcomments&post=45175"}],"version-history":[{"count":1,"href":"https:\/\/realitatearutiera.ro\/index.php?rest_route=\/wp\/v2\/posts\/45175\/revisions"}],"predecessor-version":[{"id":45177,"href":"https:\/\/realitatearutiera.ro\/index.php?rest_route=\/wp\/v2\/posts\/45175\/revisions\/45177"}],"wp:featuredmedia":[{"embeddable":true,"href":"https:\/\/realitatearutiera.ro\/index.php?rest_route=\/wp\/v2\/media\/45176"}],"wp:attachment":[{"href":"https:\/\/realitatearutiera.ro\/index.php?rest_route=%2Fwp%2Fv2%2Fmedia&parent=45175"}],"wp:term":[{"taxonomy":"category","embeddable":true,"href":"https:\/\/realitatearutiera.ro\/index.php?rest_route=%2Fwp%2Fv2%2Fcategories&post=45175"},{"taxonomy":"post_tag","embeddable":true,"href":"https:\/\/realitatearutiera.ro\/index.php?rest_route=%2Fwp%2Fv2%2Ftags&post=45175"}],"curies":[{"name":"wp","href":"https:\/\/api.w.org\/{rel}","templated":true}]}}