{"id":45373,"date":"2019-01-16T08:52:19","date_gmt":"2019-01-16T06:52:19","guid":{"rendered":"http:\/\/realitatearutiera.ro\/?p=45373"},"modified":"2019-01-16T08:52:40","modified_gmt":"2019-01-16T06:52:40","slug":"accident-cu-trei-masini-pe-dn5-un-mort-si-doi-raniti","status":"publish","type":"post","link":"https:\/\/realitatearutiera.ro\/?p=45373","title":{"rendered":"Accident cu trei ma\u015fini pe DN5: Un mort \u015fi doi r\u0103ni\u0163i"},"content":{"rendered":"\n<p><strong>O persoan\u0103 a murit \u015fi dou\u0103 au fost r\u0103nite, miercuri diminea\u0163\u0103, \u00een urma unui acident produs pe drumul na\u0163ional (DN) 5, \u00een jude\u0163ul Giurgiu, \u00een care au fost implicate trei autovehicule. Traficul se desf\u0103\u015foar\u0103 pe o singur\u0103 band\u0103.<\/strong><\/p>\n\n\n\n<p>Potrivit reprezentan\u0163ilor ISU Giurgiu, accidentul rutier s-a produs \u00een localitatea C\u0103lugareni, pe drumul na\u0163ional (DN) 5.<\/p>\n\n\n\n<p>Potrivit reprezentan\u0163ilor ISU Giurgiu, accidentul rutier s-a produs \u00een localitatea C\u0103lugareni, pe drumul na\u0163ional (DN) 5.<\/p>\n\n\n\n<p>Trei autoturisme s-au ciocnit violent, iar \u00een urma impactului \u015foferul uneia, \u00een v\u00e2rst\u0103 de 22 de ani, a murit.<\/p>\n\n\n\n<p>A mai fost r\u0103nit\u0103 o femeie de 47 de ani care conducea cea de-a doua ma\u015fin\u0103.<\/p>\n\n\n\n<p>Totodat\u0103, cel de-al treilea \u015fofer implicat, \u00een v\u00e2rst\u0103 de 28 de ani, a r\u0103mas \u00eencarcerat. Acesta este con\u015ftient, dar are picioarele rupte.<\/p>\n\n\n\n<p>sursa: mediafax.ro<\/p>\n","protected":false},"excerpt":{"rendered":"<p>O persoan\u0103 a murit \u015fi dou\u0103 au fost r\u0103nite, miercuri diminea\u0163\u0103, \u00een urma unui acident produs pe drumul na\u0163ional (DN)<\/p>\n","protected":false},"author":1,"featured_media":43186,"comment_status":"closed","ping_status":"closed","sticky":false,"template":"","format":"standard","meta":{"spay_email":"","footnotes":"","jetpack_publicize_message":""},"categories":[1],"tags":[],"class_list":["post-45373","post","type-post","status-publish","format-standard","has-post-thumbnail","hentry","category-uncategorized"],"jetpack_featured_media_url":"https:\/\/i0.wp.com\/realitatearutiera.ro\/wp-content\/uploads\/2018\/11\/accident-mwc-generic.jpg?fit=750%2C501&ssl=1","jetpack_publicize_connections":[],"jetpack_sharing_enabled":true,"jetpack_shortlink":"https:\/\/wp.me\/p61naM-bNP","jetpack-related-posts":[],"_links":{"self":[{"href":"https:\/\/realitatearutiera.ro\/index.php?rest_route=\/wp\/v2\/posts\/45373","targetHints":{"allow":["GET"]}}],"collection":[{"href":"https:\/\/realitatearutiera.ro\/index.php?rest_route=\/wp\/v2\/posts"}],"about":[{"href":"https:\/\/realitatearutiera.ro\/index.php?rest_route=\/wp\/v2\/types\/post"}],"author":[{"embeddable":true,"href":"https:\/\/realitatearutiera.ro\/index.php?rest_route=\/wp\/v2\/users\/1"}],"replies":[{"embeddable":true,"href":"https:\/\/realitatearutiera.ro\/index.php?rest_route=%2Fwp%2Fv2%2Fcomments&post=45373"}],"version-history":[{"count":2,"href":"https:\/\/realitatearutiera.ro\/index.php?rest_route=\/wp\/v2\/posts\/45373\/revisions"}],"predecessor-version":[{"id":45378,"href":"https:\/\/realitatearutiera.ro\/index.php?rest_route=\/wp\/v2\/posts\/45373\/revisions\/45378"}],"wp:featuredmedia":[{"embeddable":true,"href":"https:\/\/realitatearutiera.ro\/index.php?rest_route=\/wp\/v2\/media\/43186"}],"wp:attachment":[{"href":"https:\/\/realitatearutiera.ro\/index.php?rest_route=%2Fwp%2Fv2%2Fmedia&parent=45373"}],"wp:term":[{"taxonomy":"category","embeddable":true,"href":"https:\/\/realitatearutiera.ro\/index.php?rest_route=%2Fwp%2Fv2%2Fcategories&post=45373"},{"taxonomy":"post_tag","embeddable":true,"href":"https:\/\/realitatearutiera.ro\/index.php?rest_route=%2Fwp%2Fv2%2Ftags&post=45373"}],"curies":[{"name":"wp","href":"https:\/\/api.w.org\/{rel}","templated":true}]}}