{"id":45538,"date":"2019-01-18T10:47:07","date_gmt":"2019-01-18T08:47:07","guid":{"rendered":"http:\/\/realitatearutiera.ro\/?p=45538"},"modified":"2019-01-18T10:47:09","modified_gmt":"2019-01-18T08:47:09","slug":"trafic-restrictionat-pe-autostrada-soarelui-din-cauza-lucrarilor-de-reparatii","status":"publish","type":"post","link":"https:\/\/realitatearutiera.ro\/?p=45538","title":{"rendered":"Trafic restric\u0163ionat pe Autostrada Soarelui din cauza lucr\u0103rilor de repara\u0163ii"},"content":{"rendered":"\n<p> <\/p>\n\n\n\n<figure class=\"wp-block-image\"><img decoding=\"async\" src=\"https:\/\/i2.wp.com\/adevarul.ro\/assets\/adevarul.ro\/MRImage\/2016\/07\/09\/57808a4f5ab6550cb8b1895e\/646x404.jpg?w=800&#038;ssl=1\" alt=\"Trafic restric\u00c5\u00a3ionat pe Autostrada Soarelui din cauza lucr\u00c4\u0083rilor de repara\u00c5\u00a3ii\" data-recalc-dims=\"1\"\/><\/figure>\n\n\n\n<p> Traficul rutier este restric\u0163ionat vineri pe Autostrada Soarelui, pe tronsonul kilometric 76 \u015fi 64 \u015fi la kilometrul 124, pe sensul de mers spre Capital\u0103 din cauza lucr\u0103rilor de repara\u0163ii la carosabil.<\/p>\n\n\n\n<p> \u00a0 Centrul Infotrafic din Inspectoratul General al Poli\u0163iei Rom\u00e2ne informeaz\u0103 c\u0103, ast\u0103zi, \u00een intervalul orar 10.00 &#8211; 16.00, pe Autostrada A2 Bucure\u015fti \u2013 Constan\u0163a, pe tronsonul kilometric 76 \u015fi 64 \u015fi la kilometrul 124, pe sensul c\u0103tre Capital\u0103, au loc lucr\u0103ri de asfaltare, fiind restric\u0163ionat\u0103 circula\u0163ia rutier\u0103 pe prima band\u0103. <\/p>\n\n\n\n<p>\u00a0 Conduc\u0103torii auto sunt sf\u0103tui\u0163i s\u0103 ruleze cu aten\u0163ie, cu vitez\u0103 redus\u0103 \u00een zona lucr\u0103rilor \u015fi s\u0103 semnalizeze orice inten\u0163ie de schimbare a benzii de circula\u0163ie.<\/p>\n\n\n\n<p>Sursa:adevarul<\/p>\n","protected":false},"excerpt":{"rendered":"<p>Traficul rutier este restric\u0163ionat vineri pe Autostrada Soarelui, pe tronsonul kilometric 76 \u015fi 64 \u015fi la kilometrul 124, pe sensul<\/p>\n","protected":false},"author":1,"featured_media":41532,"comment_status":"closed","ping_status":"closed","sticky":false,"template":"","format":"standard","meta":{"spay_email":"","footnotes":"","jetpack_publicize_message":""},"categories":[54],"tags":[],"class_list":["post-45538","post","type-post","status-publish","format-standard","has-post-thumbnail","hentry","category-informatii-rutiere"],"jetpack_featured_media_url":"https:\/\/i1.wp.com\/realitatearutiera.ro\/wp-content\/uploads\/2018\/10\/trafic_restrictionat_bucuresti_61489600.jpg?fit=728%2C412&ssl=1","jetpack_publicize_connections":[],"jetpack_sharing_enabled":true,"jetpack_shortlink":"https:\/\/wp.me\/p61naM-bQu","jetpack-related-posts":[],"_links":{"self":[{"href":"https:\/\/realitatearutiera.ro\/index.php?rest_route=\/wp\/v2\/posts\/45538","targetHints":{"allow":["GET"]}}],"collection":[{"href":"https:\/\/realitatearutiera.ro\/index.php?rest_route=\/wp\/v2\/posts"}],"about":[{"href":"https:\/\/realitatearutiera.ro\/index.php?rest_route=\/wp\/v2\/types\/post"}],"author":[{"embeddable":true,"href":"https:\/\/realitatearutiera.ro\/index.php?rest_route=\/wp\/v2\/users\/1"}],"replies":[{"embeddable":true,"href":"https:\/\/realitatearutiera.ro\/index.php?rest_route=%2Fwp%2Fv2%2Fcomments&post=45538"}],"version-history":[{"count":1,"href":"https:\/\/realitatearutiera.ro\/index.php?rest_route=\/wp\/v2\/posts\/45538\/revisions"}],"predecessor-version":[{"id":45539,"href":"https:\/\/realitatearutiera.ro\/index.php?rest_route=\/wp\/v2\/posts\/45538\/revisions\/45539"}],"wp:featuredmedia":[{"embeddable":true,"href":"https:\/\/realitatearutiera.ro\/index.php?rest_route=\/wp\/v2\/media\/41532"}],"wp:attachment":[{"href":"https:\/\/realitatearutiera.ro\/index.php?rest_route=%2Fwp%2Fv2%2Fmedia&parent=45538"}],"wp:term":[{"taxonomy":"category","embeddable":true,"href":"https:\/\/realitatearutiera.ro\/index.php?rest_route=%2Fwp%2Fv2%2Fcategories&post=45538"},{"taxonomy":"post_tag","embeddable":true,"href":"https:\/\/realitatearutiera.ro\/index.php?rest_route=%2Fwp%2Fv2%2Ftags&post=45538"}],"curies":[{"name":"wp","href":"https:\/\/api.w.org\/{rel}","templated":true}]}}