{"id":45723,"date":"2019-01-23T13:11:50","date_gmt":"2019-01-23T11:11:50","guid":{"rendered":"http:\/\/realitatearutiera.ro\/?p=45723"},"modified":"2019-01-23T13:11:56","modified_gmt":"2019-01-23T11:11:56","slug":"un-barbat-a-murit-intr-un-grav-accident-rutier","status":"publish","type":"post","link":"https:\/\/realitatearutiera.ro\/?p=45723","title":{"rendered":"Un b\u0103rbat a murit \u00eentr-un GRAV accident rutier"},"content":{"rendered":"\n<p><strong>Un b\u0103rbat de 63 de ani \u015fi-a pierdut via\u0163a, miercuri, dup\u0103 ce ma\u015fina pe care o conducea pe un drum jude\u0163ean din Hunedoara a p\u0103r\u0103sit carosabilul \u015fi s-a r\u0103sturnat \u00eentr-un \u015fan\u0163. Pasagerul, un b\u0103rbat de 70 de ani a sc\u0103pat nev\u0103t\u0103mat.<\/strong><\/p>\n\n\n\n<p>Potrivit reprezentan\u0163ilor Inspectoratului pentru Situa\u0163ii de Urgen\u0163\u0103 Hunedoara, un accident mortal a avut loc, miercuri, pe DJ 705 \u00een localitatea Bal\u015fa, \u00een apropiere de Or\u0103\u015ftie.<\/p>\n\n\n\n<p>\u00a0\u201dPompierii Deta\u015famentului Or\u0103\u015ftie specializa\u0163i \u00een prim-ajutor \u015fi descarcerare \u015fi un echipaj SAJ au intervenit la un accident rutier \u00een care a fost implicat un autoturism care a ie\u015fit de pe drum \u015fi s-a r\u0103sturnat pe plafon \u00een \u015fan\u0163. \u00cen autoturism se aflau doi b\u0103rba\u0163i care au r\u0103mas bloca\u0163i \u00een habitaclu\u201d, au transmis reprezentan\u0163ii ISU Hunedoara.<\/p>\n\n\n\n<p> Potrivit acestora, \u015foferul \u00een v\u00e2rst\u0103 de 63 de ani a fost resuscitat, dar nu a r\u0103spuns manevrelor, fiind declarat decesul. Pasagerul, \u00een v\u00e2rst\u0103 de 70, a sc\u0103pat nev\u0103t\u0103mat.\u00a0<\/p>\n\n\n\n<p>Poli\u0163i\u015ftii \u00eencearc\u0103 acum s\u0103 stabileasc\u0103 exact \u00eemprejur\u0103rile \u00een care s-a produs acest accident rutier.<\/p>\n\n\n\n<p><\/p>\n\n\n\n<figure class=\"wp-block-image\"><img decoding=\"async\" src=\"https:\/\/www.ziaruldeiasi.ro\/app\/gethumb.details.php?id=316967&amp;w=640&amp;h=480\" alt=\"accident\"\/><\/figure>\n\n\n\n<p>Sursa:ziaruldeiasi<\/p>\n","protected":false},"excerpt":{"rendered":"<p>Un b\u0103rbat de 63 de ani \u015fi-a pierdut via\u0163a, miercuri, dup\u0103 ce ma\u015fina pe care o conducea pe un drum<\/p>\n","protected":false},"author":1,"featured_media":41662,"comment_status":"closed","ping_status":"closed","sticky":false,"template":"","format":"standard","meta":{"spay_email":"","footnotes":"","jetpack_publicize_message":""},"categories":[1],"tags":[],"class_list":["post-45723","post","type-post","status-publish","format-standard","has-post-thumbnail","hentry","category-uncategorized"],"jetpack_featured_media_url":"https:\/\/i0.wp.com\/realitatearutiera.ro\/wp-content\/uploads\/2018\/10\/accident-91_thumb2.jpg?fit=275%2C206&ssl=1","jetpack_publicize_connections":[],"jetpack_sharing_enabled":true,"jetpack_shortlink":"https:\/\/wp.me\/p61naM-bTt","jetpack-related-posts":[],"_links":{"self":[{"href":"https:\/\/realitatearutiera.ro\/index.php?rest_route=\/wp\/v2\/posts\/45723","targetHints":{"allow":["GET"]}}],"collection":[{"href":"https:\/\/realitatearutiera.ro\/index.php?rest_route=\/wp\/v2\/posts"}],"about":[{"href":"https:\/\/realitatearutiera.ro\/index.php?rest_route=\/wp\/v2\/types\/post"}],"author":[{"embeddable":true,"href":"https:\/\/realitatearutiera.ro\/index.php?rest_route=\/wp\/v2\/users\/1"}],"replies":[{"embeddable":true,"href":"https:\/\/realitatearutiera.ro\/index.php?rest_route=%2Fwp%2Fv2%2Fcomments&post=45723"}],"version-history":[{"count":1,"href":"https:\/\/realitatearutiera.ro\/index.php?rest_route=\/wp\/v2\/posts\/45723\/revisions"}],"predecessor-version":[{"id":45724,"href":"https:\/\/realitatearutiera.ro\/index.php?rest_route=\/wp\/v2\/posts\/45723\/revisions\/45724"}],"wp:featuredmedia":[{"embeddable":true,"href":"https:\/\/realitatearutiera.ro\/index.php?rest_route=\/wp\/v2\/media\/41662"}],"wp:attachment":[{"href":"https:\/\/realitatearutiera.ro\/index.php?rest_route=%2Fwp%2Fv2%2Fmedia&parent=45723"}],"wp:term":[{"taxonomy":"category","embeddable":true,"href":"https:\/\/realitatearutiera.ro\/index.php?rest_route=%2Fwp%2Fv2%2Fcategories&post=45723"},{"taxonomy":"post_tag","embeddable":true,"href":"https:\/\/realitatearutiera.ro\/index.php?rest_route=%2Fwp%2Fv2%2Ftags&post=45723"}],"curies":[{"name":"wp","href":"https:\/\/api.w.org\/{rel}","templated":true}]}}