{"id":45823,"date":"2019-01-28T12:55:06","date_gmt":"2019-01-28T10:55:06","guid":{"rendered":"http:\/\/realitatearutiera.ro\/?p=45823"},"modified":"2019-01-28T12:55:11","modified_gmt":"2019-01-28T10:55:11","slug":"un-sofer-s-a-trezit-cu-masina-in-flacari-in-timp-ce-astepta-linistit-la-semafor","status":"publish","type":"post","link":"https:\/\/realitatearutiera.ro\/?p=45823","title":{"rendered":"Un \u0219ofer \u201es-a trezit\u201d cu ma\u0219ina \u00een fl\u0103c\u0103ri \u00een timp ce a\u0219tepta lini\u0219tit la semafor"},"content":{"rendered":"\n<p><strong>Situa\u021bie incredibil\u0103 \u00een traficul aglomerat din Ia\u0219i. Un \u0219ofer \u201es-a trezit\u201d cu ma\u0219ina \u00een fl\u0103c\u0103ri \u00een timp ce a\u0219tepta lini\u0219tit la semafor.<\/strong><\/p>\n\n\n\n<p>Un \u0219ofer din Ia\u0219i conducea lini\u0219tit c\u00e2nd, la un moment dat, ma\u0219ina \u00een care se afla a luat foc. Incidentul s-a produs \u00een timpul zilei, pe o strad\u0103 destul de circulat\u0103 din ora\u0219.<\/p>\n\n\n\n<p>\u0218oferul mai era \u00eenso\u021bit de o persoan\u0103. Acesta a povestit c\u0103 se afla la semafor c\u00e2nd a observat c\u0103 \u00eencepuse s\u0103 ias\u0103 fum din capot\u0103, iar \u00een c\u00e2teva momente autovehiculul a izbucnit \u00een fl\u0103c\u0103ri.<\/p>\n\n\n\n<p> Cele dou\u0103 persoane au reu\u0219it s\u0103 ias\u0103 \u00een siguran\u021b\u0103 din autovehicul. Pompierii au ajuns \u0219i ei la fa\u021ba locului \u0219i au oprit incendiul.<\/p>\n\n\n\n<p>Sursa:evz<\/p>\n","protected":false},"excerpt":{"rendered":"<p>Situa\u021bie incredibil\u0103 \u00een traficul aglomerat din Ia\u0219i. Un \u0219ofer \u201es-a trezit\u201d cu ma\u0219ina \u00een fl\u0103c\u0103ri \u00een timp ce a\u0219tepta lini\u0219tit<\/p>\n","protected":false},"author":1,"featured_media":45824,"comment_status":"closed","ping_status":"closed","sticky":false,"template":"","format":"standard","meta":{"spay_email":"","footnotes":"","jetpack_publicize_message":""},"categories":[6],"tags":[],"class_list":["post-45823","post","type-post","status-publish","format-standard","has-post-thumbnail","hentry","category-social"],"jetpack_featured_media_url":"https:\/\/i2.wp.com\/realitatearutiera.ro\/wp-content\/uploads\/2019\/01\/masina-flacari-465x390.jpg?fit=605%2C388&ssl=1","jetpack_publicize_connections":[],"jetpack_sharing_enabled":true,"jetpack_shortlink":"https:\/\/wp.me\/p61naM-bV5","jetpack-related-posts":[],"_links":{"self":[{"href":"https:\/\/realitatearutiera.ro\/index.php?rest_route=\/wp\/v2\/posts\/45823","targetHints":{"allow":["GET"]}}],"collection":[{"href":"https:\/\/realitatearutiera.ro\/index.php?rest_route=\/wp\/v2\/posts"}],"about":[{"href":"https:\/\/realitatearutiera.ro\/index.php?rest_route=\/wp\/v2\/types\/post"}],"author":[{"embeddable":true,"href":"https:\/\/realitatearutiera.ro\/index.php?rest_route=\/wp\/v2\/users\/1"}],"replies":[{"embeddable":true,"href":"https:\/\/realitatearutiera.ro\/index.php?rest_route=%2Fwp%2Fv2%2Fcomments&post=45823"}],"version-history":[{"count":1,"href":"https:\/\/realitatearutiera.ro\/index.php?rest_route=\/wp\/v2\/posts\/45823\/revisions"}],"predecessor-version":[{"id":45825,"href":"https:\/\/realitatearutiera.ro\/index.php?rest_route=\/wp\/v2\/posts\/45823\/revisions\/45825"}],"wp:featuredmedia":[{"embeddable":true,"href":"https:\/\/realitatearutiera.ro\/index.php?rest_route=\/wp\/v2\/media\/45824"}],"wp:attachment":[{"href":"https:\/\/realitatearutiera.ro\/index.php?rest_route=%2Fwp%2Fv2%2Fmedia&parent=45823"}],"wp:term":[{"taxonomy":"category","embeddable":true,"href":"https:\/\/realitatearutiera.ro\/index.php?rest_route=%2Fwp%2Fv2%2Fcategories&post=45823"},{"taxonomy":"post_tag","embeddable":true,"href":"https:\/\/realitatearutiera.ro\/index.php?rest_route=%2Fwp%2Fv2%2Ftags&post=45823"}],"curies":[{"name":"wp","href":"https:\/\/api.w.org\/{rel}","templated":true}]}}